{"id":332555,"date":"2024-06-27T05:46:34","date_gmt":"2024-06-27T02:46:34","guid":{"rendered":"https:\/\/sana.sy\/es\/?p=332555"},"modified":"2024-06-27T05:46:34","modified_gmt":"2024-06-27T02:46:34","slug":"mueren-dos-personas-por-agresion-israeli-al-sur-de-damasco","status":"publish","type":"post","link":"https:\/\/archive.sana.sy\/es\/?p=332555","title":{"rendered":"Mueren dos personas por agresi\u00f3n israel\u00ed al sur de Damasco"},"content":{"rendered":"<p style=\"text-align: justify;\"><span style=\"color: #800000;\"><strong>Damasco, 27 jun (SANA)<\/strong><\/span> El Ministerio de Defensa de Siria inform\u00f3 hoy que a las 23:40 hora local de este 26 de junio, el ej\u00e9rcito israel\u00ed perpetr\u00f3 un ataque a\u00e9reo desde la direcci\u00f3n del Gol\u00e1n sirio ocupado contra varios puntos en la Regi\u00f3n Sur.<\/p>\n<p style=\"text-align: justify;\">De acuerdo con el ente castrense, las unidades de defensa a\u00e9rea actuaron para repeler la agresi\u00f3n y lograron derribar algunos proyectiles.<\/p>\n<p style=\"text-align: justify;\">El ataque caus\u00f3 la muerte de dos personas y un soldado result\u00f3 herido, as\u00ed como provoc\u00f3 p\u00e9rdidas materiales.<\/p>\n<p style=\"text-align: justify;\">El d\u00eda 19 de este mes, un ataque israel\u00ed con drones contra dos sitios militares de las Fuerzas Armadas sirias en las provincias de Quneitra y Deraa, provoc\u00f3 la muerte de un oficial y p\u00e9rdidas materiales.<\/p>\n<p style=\"text-align: justify;\">fm<\/p>\n","protected":false},"excerpt":{"rendered":"<p>Damasco, 27 jun (SANA) El Ministerio de Defensa de Siria inform\u00f3 hoy que a las 23:40 hora local de este 26 de junio, el ej\u00e9rcito israel\u00ed perpetr\u00f3 un ataque a\u00e9reo desde la direcci\u00f3n del Gol\u00e1n sirio ocupado contra varios puntos en la Regi\u00f3n Sur. De acuerdo con el ente castrense, las unidades de defensa a\u00e9rea &hellip;<\/p>\n","protected":false},"author":34,"featured_media":332556,"comment_status":"closed","ping_status":"closed","sticky":false,"template":"","format":"standard","meta":{"footnotes":""},"categories":[477,447,597,20724,476,583],"tags":[],"class_list":["post-332555","post","type-post","status-publish","format-standard","has-post-thumbnail","","category-noticias-edulcorantes","category-local-politica","category-cinta-de-noticias","category-minuto-a-minuto","category-locales","category-slide"],"_links":{"self":[{"href":"https:\/\/archive.sana.sy\/es\/index.php?rest_route=\/wp\/v2\/posts\/332555"}],"collection":[{"href":"https:\/\/archive.sana.sy\/es\/index.php?rest_route=\/wp\/v2\/posts"}],"about":[{"href":"https:\/\/archive.sana.sy\/es\/index.php?rest_route=\/wp\/v2\/types\/post"}],"author":[{"embeddable":true,"href":"https:\/\/archive.sana.sy\/es\/index.php?rest_route=\/wp\/v2\/users\/34"}],"replies":[{"embeddable":true,"href":"https:\/\/archive.sana.sy\/es\/index.php?rest_route=%2Fwp%2Fv2%2Fcomments&post=332555"}],"version-history":[{"count":1,"href":"https:\/\/archive.sana.sy\/es\/index.php?rest_route=\/wp\/v2\/posts\/332555\/revisions"}],"predecessor-version":[{"id":332557,"href":"https:\/\/archive.sana.sy\/es\/index.php?rest_route=\/wp\/v2\/posts\/332555\/revisions\/332557"}],"wp:featuredmedia":[{"embeddable":true,"href":"https:\/\/archive.sana.sy\/es\/index.php?rest_route=\/wp\/v2\/media\/332556"}],"wp:attachment":[{"href":"https:\/\/archive.sana.sy\/es\/index.php?rest_route=%2Fwp%2Fv2%2Fmedia&parent=332555"}],"wp:term":[{"taxonomy":"category","embeddable":true,"href":"https:\/\/archive.sana.sy\/es\/index.php?rest_route=%2Fwp%2Fv2%2Fcategories&post=332555"},{"taxonomy":"post_tag","embeddable":true,"href":"https:\/\/archive.sana.sy\/es\/index.php?rest_route=%2Fwp%2Fv2%2Ftags&post=332555"}],"curies":[{"name":"wp","href":"https:\/\/api.w.org\/{rel}","templated":true}]}}