{"id":332579,"date":"2024-06-27T12:54:48","date_gmt":"2024-06-27T09:54:48","guid":{"rendered":"https:\/\/sana.sy\/es\/?p=332579"},"modified":"2024-06-27T12:55:36","modified_gmt":"2024-06-27T09:55:36","slug":"operacion-de-la-resistencia-palestina-neutraliza-a-un-oficial-y-a-16-militares-israelies-en-yenin","status":"publish","type":"post","link":"https:\/\/archive.sana.sy\/es\/?p=332579","title":{"rendered":"Operaci\u00f3n de la resistencia palestina neutraliza a un oficial y a 16 militares israel\u00edes en Yen\u00edn"},"content":{"rendered":"<p style=\"text-align: justify;\"><strong><span style=\"color: #800000;\">Jerusal\u00e9n ocupada, 27 jun (SANA)<\/span>\u00a0<\/strong> El ej\u00e9rcito de ocupaci\u00f3n israel\u00ed anunci\u00f3 hoy la muerte de uno de sus oficiales y la lesi\u00f3n de 16 de sus soldados por una bomba detonado por la resistencia palestina al paso de un veh\u00edculo militar en Jenin, Cisjordania.<\/p>\n<p style=\"text-align: justify;\">De acuerdo a lo difundido por los medios de prensa israel\u00edes, una bomba explot\u00f3 en un veh\u00edculo militar, y luego los soldados informaron a sus compa\u00f1eros que hab\u00edan sido heridos, y cuando otra fuerza avanz\u00f3 para rescatar a los heridos otra bomba fue detonada.<\/p>\n<p style=\"text-align: justify;\"><img loading=\"lazy\" decoding=\"async\" class=\" wp-image-332581 alignleft\" src=\"http:\/\/sana.sy\/es\/wp-content\/uploads\/2024\/06\/Operacion-de-la-resistencia-palestina-neutraliza-a-un-oficial-y-a-16-militares-israelies-en-Yenin.jpg\" alt=\"\" width=\"464\" height=\"246\" srcset=\"https:\/\/archive.sana.sy\/es\/wp-content\/uploads\/2024\/06\/Operacion-de-la-resistencia-palestina-neutraliza-a-un-oficial-y-a-16-militares-israelies-en-Yenin.jpg 857w, https:\/\/archive.sana.sy\/es\/wp-content\/uploads\/2024\/06\/Operacion-de-la-resistencia-palestina-neutraliza-a-un-oficial-y-a-16-militares-israelies-en-Yenin-300x159.jpg 300w, https:\/\/archive.sana.sy\/es\/wp-content\/uploads\/2024\/06\/Operacion-de-la-resistencia-palestina-neutraliza-a-un-oficial-y-a-16-militares-israelies-en-Yenin-150x79.jpg 150w, https:\/\/archive.sana.sy\/es\/wp-content\/uploads\/2024\/06\/Operacion-de-la-resistencia-palestina-neutraliza-a-un-oficial-y-a-16-militares-israelies-en-Yenin-768x407.jpg 768w, https:\/\/archive.sana.sy\/es\/wp-content\/uploads\/2024\/06\/Operacion-de-la-resistencia-palestina-neutraliza-a-un-oficial-y-a-16-militares-israelies-en-Yenin-310x165.jpg 310w\" sizes=\"(max-width: 464px) 100vw, 464px\" \/>Aclararon que el comandante de la Brigada de Francotiradores muri\u00f3 en la operaci\u00f3n y 16 uniformados resultaron heridos.<br \/>\nA su vez, la resistencia palestina reivindic\u00f3 el ataque mediante la detonaci\u00f3n de un artefacto explosivo en un veh\u00edculo blindado militar.<\/p>\n<p style=\"text-align: justify;\">El ocupante no reconoce las cifras reales de sus bajas en los enfrentamientos con la resistencia, que seg\u00fan muchas fuentes son mucho mayores.<\/p>\n<p style=\"text-align: justify;\">fm\/ma<\/p>\n","protected":false},"excerpt":{"rendered":"<p>Jerusal\u00e9n ocupada, 27 jun (SANA)\u00a0 El ej\u00e9rcito de ocupaci\u00f3n israel\u00ed anunci\u00f3 hoy la muerte de uno de sus oficiales y la lesi\u00f3n de 16 de sus soldados por una bomba detonado por la resistencia palestina al paso de un veh\u00edculo militar en Jenin, Cisjordania. De acuerdo a lo difundido por los medios de prensa israel\u00edes, &hellip;<\/p>\n","protected":false},"author":34,"featured_media":332580,"comment_status":"closed","ping_status":"closed","sticky":false,"template":"","format":"standard","meta":{"footnotes":""},"categories":[597,456,20724,448,7541],"tags":[],"class_list":["post-332579","post","type-post","status-publish","format-standard","has-post-thumbnail","","category-cinta-de-noticias","category-arabe-internacional-politica","category-minuto-a-minuto","category-noticias","category-ultimas-noticias"],"_links":{"self":[{"href":"https:\/\/archive.sana.sy\/es\/index.php?rest_route=\/wp\/v2\/posts\/332579"}],"collection":[{"href":"https:\/\/archive.sana.sy\/es\/index.php?rest_route=\/wp\/v2\/posts"}],"about":[{"href":"https:\/\/archive.sana.sy\/es\/index.php?rest_route=\/wp\/v2\/types\/post"}],"author":[{"embeddable":true,"href":"https:\/\/archive.sana.sy\/es\/index.php?rest_route=\/wp\/v2\/users\/34"}],"replies":[{"embeddable":true,"href":"https:\/\/archive.sana.sy\/es\/index.php?rest_route=%2Fwp%2Fv2%2Fcomments&post=332579"}],"version-history":[{"count":2,"href":"https:\/\/archive.sana.sy\/es\/index.php?rest_route=\/wp\/v2\/posts\/332579\/revisions"}],"predecessor-version":[{"id":332583,"href":"https:\/\/archive.sana.sy\/es\/index.php?rest_route=\/wp\/v2\/posts\/332579\/revisions\/332583"}],"wp:featuredmedia":[{"embeddable":true,"href":"https:\/\/archive.sana.sy\/es\/index.php?rest_route=\/wp\/v2\/media\/332580"}],"wp:attachment":[{"href":"https:\/\/archive.sana.sy\/es\/index.php?rest_route=%2Fwp%2Fv2%2Fmedia&parent=332579"}],"wp:term":[{"taxonomy":"category","embeddable":true,"href":"https:\/\/archive.sana.sy\/es\/index.php?rest_route=%2Fwp%2Fv2%2Fcategories&post=332579"},{"taxonomy":"post_tag","embeddable":true,"href":"https:\/\/archive.sana.sy\/es\/index.php?rest_route=%2Fwp%2Fv2%2Ftags&post=332579"}],"curies":[{"name":"wp","href":"https:\/\/api.w.org\/{rel}","templated":true}]}}