{"id":33260,"date":"2015-11-10T22:24:46","date_gmt":"2015-11-10T20:24:46","guid":{"rendered":"http:\/\/sana.sy\/es\/?p=33260"},"modified":"2015-11-11T15:14:05","modified_gmt":"2015-11-11T13:14:05","slug":"masivas-marchas-en-alepo-celebrando-el-logro-del-ejercito-nacional-en-kwaires","status":"publish","type":"post","link":"https:\/\/archive.sana.sy\/es\/?p=33260","title":{"rendered":"Masivas marchas en Alepo celebrando el logro del ej\u00e9rcito nacional en Kwaires"},"content":{"rendered":"<p style=\"text-align: justify\"><span style=\"color: #800000\">Alepo, SANA<\/span>&#8211; Celebrando la victoria del Ej\u00e9rcito \u00c1rabe Siria de levantar el asedio al aeropuerto militar de Kwaires al este del campo de Alepo, unas masivas marchas populares salieron en Plaza de la Universidad y en los barrios de al-Furqan y al-Moganbo<\/p>\n<p style=\"text-align: justify\">Los participantes en las marchas reiteraron su postura hacia el Ej\u00e9rcito \u00c1rabe Siria, el protector de la tierra en la lucha contra el terrorismo, haciendo hincapi\u00e9 en la absoluta confianza en la capacidad del ej\u00e9rcito para derrotar a los terroristas<\/p>\n<p style=\"text-align: justify\">Anteriormente, las unidades del ej\u00e9rcito llegaron hoy al aeropuerto militar de Kwaires en el campo oriental de la ciudad de Alepo.<\/p>\n<p>M.Miri<\/p>\n","protected":false},"excerpt":{"rendered":"<p>Alepo, SANA&#8211; Celebrando la victoria del Ej\u00e9rcito \u00c1rabe Siria de levantar el asedio al aeropuerto militar de Kwaires al este del campo de Alepo, unas masivas marchas populares salieron en Plaza de la Universidad y en los barrios de al-Furqan y al-Moganbo Los participantes en las marchas reiteraron su postura hacia el Ej\u00e9rcito \u00c1rabe Siria, &hellip;<\/p>\n","protected":false},"author":1,"featured_media":33302,"comment_status":"closed","ping_status":"closed","sticky":false,"template":"","format":"standard","meta":{"footnotes":""},"categories":[477,476],"tags":[7345],"class_list":["post-33260","post","type-post","status-publish","format-standard","has-post-thumbnail","","category-noticias-edulcorantes","category-locales","tag-masivas-marchas-en-alepo-celebrando-el-logro-del-ejercito-nacional-en-kwaires"],"_links":{"self":[{"href":"https:\/\/archive.sana.sy\/es\/index.php?rest_route=\/wp\/v2\/posts\/33260"}],"collection":[{"href":"https:\/\/archive.sana.sy\/es\/index.php?rest_route=\/wp\/v2\/posts"}],"about":[{"href":"https:\/\/archive.sana.sy\/es\/index.php?rest_route=\/wp\/v2\/types\/post"}],"author":[{"embeddable":true,"href":"https:\/\/archive.sana.sy\/es\/index.php?rest_route=\/wp\/v2\/users\/1"}],"replies":[{"embeddable":true,"href":"https:\/\/archive.sana.sy\/es\/index.php?rest_route=%2Fwp%2Fv2%2Fcomments&post=33260"}],"version-history":[{"count":0,"href":"https:\/\/archive.sana.sy\/es\/index.php?rest_route=\/wp\/v2\/posts\/33260\/revisions"}],"wp:featuredmedia":[{"embeddable":true,"href":"https:\/\/archive.sana.sy\/es\/index.php?rest_route=\/wp\/v2\/media\/33302"}],"wp:attachment":[{"href":"https:\/\/archive.sana.sy\/es\/index.php?rest_route=%2Fwp%2Fv2%2Fmedia&parent=33260"}],"wp:term":[{"taxonomy":"category","embeddable":true,"href":"https:\/\/archive.sana.sy\/es\/index.php?rest_route=%2Fwp%2Fv2%2Fcategories&post=33260"},{"taxonomy":"post_tag","embeddable":true,"href":"https:\/\/archive.sana.sy\/es\/index.php?rest_route=%2Fwp%2Fv2%2Ftags&post=33260"}],"curies":[{"name":"wp","href":"https:\/\/api.w.org\/{rel}","templated":true}]}}