{"id":332616,"date":"2024-06-27T15:14:44","date_gmt":"2024-06-27T12:14:44","guid":{"rendered":"https:\/\/sana.sy\/es\/?p=332616"},"modified":"2024-06-27T19:36:44","modified_gmt":"2024-06-27T16:36:44","slug":"agresion-israeli-en-gaza-cobro-la-vida-de-37-765-palestinos","status":"publish","type":"post","link":"https:\/\/archive.sana.sy\/es\/?p=332616","title":{"rendered":"Agresi\u00f3n israel\u00ed en Gaza cobr\u00f3 la vida de 37.765 palestinos"},"content":{"rendered":"<p style=\"text-align: justify;\"><span style=\"color: #800000;\"><strong>Jerusal\u00e9n ocupada, 27 jun (SANA)<\/strong> <\/span>El Ministerio de Salud palestino inform\u00f3 hoy que el n\u00famero total de v\u00edctimas mortales debido a la agresi\u00f3n israel\u00ed contra la Franja de Gaza aument\u00f3 a 37.765.<\/p>\n<p style=\"text-align: justify;\">En un comunicado, el ente de salud agreg\u00f3 que durante 265 de ataques, hubo 86.429 heridos, y aclar\u00f3 que esta cifra no incluye a los miles de v\u00edctimas que se encuentran a\u00fan bajo los escombros o tirados en las carreteras.<\/p>\n<p style=\"text-align: justify;\">Durante el d\u00eda de hoy, varios palestinos perdieron la vida, la mayor\u00eda son ni\u00f1os y mujeres, y otros sufrieron heridos, por los bombardeos israel\u00edes.<\/p>\n<p style=\"text-align: justify;\"><a href=\"http:\/\/sana.sy\/es\/wp-content\/uploads\/2024\/06\/photo_2024-06-27_14-54-07.jpg\"><img loading=\"lazy\" decoding=\"async\" class=\" wp-image-332620 alignleft\" src=\"http:\/\/sana.sy\/es\/wp-content\/uploads\/2024\/06\/photo_2024-06-27_14-54-07.jpg\" alt=\"\" width=\"345\" height=\"259\" srcset=\"https:\/\/archive.sana.sy\/es\/wp-content\/uploads\/2024\/06\/photo_2024-06-27_14-54-07.jpg 1280w, https:\/\/archive.sana.sy\/es\/wp-content\/uploads\/2024\/06\/photo_2024-06-27_14-54-07-300x225.jpg 300w, https:\/\/archive.sana.sy\/es\/wp-content\/uploads\/2024\/06\/photo_2024-06-27_14-54-07-1024x768.jpg 1024w, https:\/\/archive.sana.sy\/es\/wp-content\/uploads\/2024\/06\/photo_2024-06-27_14-54-07-150x113.jpg 150w, https:\/\/archive.sana.sy\/es\/wp-content\/uploads\/2024\/06\/photo_2024-06-27_14-54-07-768x576.jpg 768w\" sizes=\"(max-width: 345px) 100vw, 345px\" \/><\/a>De acuerdo con los reportes de los medios de prensa palestinos, seis civiles perdieron la vida y otros resultaron heridos en un bombardeo de la aviaci\u00f3n b\u00e9lica israel\u00ed contra varias casas en la zona de Al-Alami del campamento de Jabalia en el norte de la Franja de Gaza.<\/p>\n<p style=\"text-align: justify;\">Mientras tanto, los equipos m\u00e9dicos y de defensa civil recuperaron el cuerpo de un m\u00e1rtir que cay\u00f3 en un ataque de la ocupaci\u00f3n contra una casa en el \u00c1rea de Beit Lahia.<\/p>\n<p style=\"text-align: justify;\">De igual manera, fueron recuperados los cuerpos de al menos dos palestinos que murieron tras un ataque israel\u00ed contra cuatro viviendas en el barrio de Al-Sabra en la ciudad de Gaza.<\/p>\n<p style=\"text-align: justify;\">En Khan Yunis al sur de Gaza, varios palestinos fueron asesinados , entre ellos ni\u00f1os y mujeres, y otros resultaron heridos en un bombardeo contra la escuela Al-Khansa, que alberga a personas desplazadas en la ciudad de Abasan Al-Kabira.<\/p>\n<p style=\"text-align: justify;\">fm\/ed<\/p>\n","protected":false},"excerpt":{"rendered":"<p>Jerusal\u00e9n ocupada, 27 jun (SANA) El Ministerio de Salud palestino inform\u00f3 hoy que el n\u00famero total de v\u00edctimas mortales debido a la agresi\u00f3n israel\u00ed contra la Franja de Gaza aument\u00f3 a 37.765. En un comunicado, el ente de salud agreg\u00f3 que durante 265 de ataques, hubo 86.429 heridos, y aclar\u00f3 que esta cifra no incluye &hellip;<\/p>\n","protected":false},"author":32,"featured_media":332619,"comment_status":"closed","ping_status":"closed","sticky":false,"template":"","format":"standard","meta":{"footnotes":""},"categories":[597,456,20724,583],"tags":[],"class_list":["post-332616","post","type-post","status-publish","format-standard","has-post-thumbnail","","category-cinta-de-noticias","category-arabe-internacional-politica","category-minuto-a-minuto","category-slide"],"_links":{"self":[{"href":"https:\/\/archive.sana.sy\/es\/index.php?rest_route=\/wp\/v2\/posts\/332616"}],"collection":[{"href":"https:\/\/archive.sana.sy\/es\/index.php?rest_route=\/wp\/v2\/posts"}],"about":[{"href":"https:\/\/archive.sana.sy\/es\/index.php?rest_route=\/wp\/v2\/types\/post"}],"author":[{"embeddable":true,"href":"https:\/\/archive.sana.sy\/es\/index.php?rest_route=\/wp\/v2\/users\/32"}],"replies":[{"embeddable":true,"href":"https:\/\/archive.sana.sy\/es\/index.php?rest_route=%2Fwp%2Fv2%2Fcomments&post=332616"}],"version-history":[{"count":4,"href":"https:\/\/archive.sana.sy\/es\/index.php?rest_route=\/wp\/v2\/posts\/332616\/revisions"}],"predecessor-version":[{"id":332623,"href":"https:\/\/archive.sana.sy\/es\/index.php?rest_route=\/wp\/v2\/posts\/332616\/revisions\/332623"}],"wp:featuredmedia":[{"embeddable":true,"href":"https:\/\/archive.sana.sy\/es\/index.php?rest_route=\/wp\/v2\/media\/332619"}],"wp:attachment":[{"href":"https:\/\/archive.sana.sy\/es\/index.php?rest_route=%2Fwp%2Fv2%2Fmedia&parent=332616"}],"wp:term":[{"taxonomy":"category","embeddable":true,"href":"https:\/\/archive.sana.sy\/es\/index.php?rest_route=%2Fwp%2Fv2%2Fcategories&post=332616"},{"taxonomy":"post_tag","embeddable":true,"href":"https:\/\/archive.sana.sy\/es\/index.php?rest_route=%2Fwp%2Fv2%2Ftags&post=332616"}],"curies":[{"name":"wp","href":"https:\/\/api.w.org\/{rel}","templated":true}]}}