{"id":332624,"date":"2024-06-27T15:32:40","date_gmt":"2024-06-27T12:32:40","guid":{"rendered":"https:\/\/sana.sy\/es\/?p=332624"},"modified":"2024-06-27T15:32:40","modified_gmt":"2024-06-27T12:32:40","slug":"cancilleres-de-siria-y-eau-sostienen-conversaciones-bilaterales-en-abu-dabi-2","status":"publish","type":"post","link":"https:\/\/archive.sana.sy\/es\/?p=332624","title":{"rendered":"Cancilleres de Siria y EAU sostienen conversaciones bilaterales en Abu Dabi"},"content":{"rendered":"<p style=\"text-align: justify;\"><span style=\"color: #800000;\"><strong>Abu Dabi, 27 jun (SANA)\u00a0<\/strong> <\/span>El ministro sirio de Asuntos Exteriores y Expatriados, Faisal Al-Mekdad, y su hom\u00f3logo de los Emiratos \u00c1rabes Unidos (EAU), Abdullah bin Zayed Al-Nahyan, sostuvieron conversaciones en Abu Dabi, la capital de EAU.<\/p>\n<p style=\"text-align: justify;\">El canciller Al-Mekdad traslad\u00f3 los saludos del presidente Bashar Al-Assad a su par emirat\u00ed Mohammed bin Zayed Al-Nahyan, y la gratitud de Siria por la ayuda humanitaria ofrecida tras el terremoto que azot\u00f3 algunas gobernaciones sirias.<\/p>\n<p style=\"text-align: justify;\">A su vez, el jefe de la diplomacia emirat\u00ed expres\u00f3 sus mejores deseos de estabilidad, desarrollo y bienestar para Siria y su pueblo.<\/p>\n<p style=\"text-align: justify;\">Los cancilleres repasaron un amplio abanico de temas relativos a las relaciones bilaterales, los desaf\u00edos que enfrenta la regi\u00f3n y cuestiones relacionadas con la situaci\u00f3n mundial y sus repercusiones en Medio Oriente.<\/p>\n<p style=\"text-align: justify;\">Los dos ministros acordaron continuar sus contactos y consultas en el marco de su inter\u00e9s com\u00fan por responder a las aspiraciones de los dos pa\u00edses y pueblos hermanos.<\/p>\n<p style=\"text-align: justify;\">fm\/sm<\/p>\n","protected":false},"excerpt":{"rendered":"<p>Abu Dabi, 27 jun (SANA)\u00a0 El ministro sirio de Asuntos Exteriores y Expatriados, Faisal Al-Mekdad, y su hom\u00f3logo de los Emiratos \u00c1rabes Unidos (EAU), Abdullah bin Zayed Al-Nahyan, sostuvieron conversaciones en Abu Dabi, la capital de EAU. El canciller Al-Mekdad traslad\u00f3 los saludos del presidente Bashar Al-Assad a su par emirat\u00ed Mohammed bin Zayed Al-Nahyan, &hellip;<\/p>\n","protected":false},"author":39,"featured_media":332625,"comment_status":"closed","ping_status":"closed","sticky":false,"template":"","format":"standard","meta":{"footnotes":""},"categories":[597,20724,467,583],"tags":[],"class_list":["post-332624","post","type-post","status-publish","format-standard","has-post-thumbnail","","category-cinta-de-noticias","category-minuto-a-minuto","category-siria-y-el-mundo","category-slide"],"_links":{"self":[{"href":"https:\/\/archive.sana.sy\/es\/index.php?rest_route=\/wp\/v2\/posts\/332624"}],"collection":[{"href":"https:\/\/archive.sana.sy\/es\/index.php?rest_route=\/wp\/v2\/posts"}],"about":[{"href":"https:\/\/archive.sana.sy\/es\/index.php?rest_route=\/wp\/v2\/types\/post"}],"author":[{"embeddable":true,"href":"https:\/\/archive.sana.sy\/es\/index.php?rest_route=\/wp\/v2\/users\/39"}],"replies":[{"embeddable":true,"href":"https:\/\/archive.sana.sy\/es\/index.php?rest_route=%2Fwp%2Fv2%2Fcomments&post=332624"}],"version-history":[{"count":1,"href":"https:\/\/archive.sana.sy\/es\/index.php?rest_route=\/wp\/v2\/posts\/332624\/revisions"}],"predecessor-version":[{"id":332626,"href":"https:\/\/archive.sana.sy\/es\/index.php?rest_route=\/wp\/v2\/posts\/332624\/revisions\/332626"}],"wp:featuredmedia":[{"embeddable":true,"href":"https:\/\/archive.sana.sy\/es\/index.php?rest_route=\/wp\/v2\/media\/332625"}],"wp:attachment":[{"href":"https:\/\/archive.sana.sy\/es\/index.php?rest_route=%2Fwp%2Fv2%2Fmedia&parent=332624"}],"wp:term":[{"taxonomy":"category","embeddable":true,"href":"https:\/\/archive.sana.sy\/es\/index.php?rest_route=%2Fwp%2Fv2%2Fcategories&post=332624"},{"taxonomy":"post_tag","embeddable":true,"href":"https:\/\/archive.sana.sy\/es\/index.php?rest_route=%2Fwp%2Fv2%2Ftags&post=332624"}],"curies":[{"name":"wp","href":"https:\/\/api.w.org\/{rel}","templated":true}]}}