{"id":332627,"date":"2024-06-27T13:17:41","date_gmt":"2024-06-27T10:17:41","guid":{"rendered":"https:\/\/sana.sy\/es\/?p=332627"},"modified":"2024-06-27T19:35:52","modified_gmt":"2024-06-27T16:35:52","slug":"ejercito-ruso-neutraliza-a-casi-2000-soldados-de-kiev-y-ataca-aeropuertos-ucranianos","status":"publish","type":"post","link":"https:\/\/archive.sana.sy\/es\/?p=332627","title":{"rendered":"Ej\u00e9rcito ruso neutraliza a casi 2000 soldados ucranianos  y ataca aeropuertos de Kiev"},"content":{"rendered":"<p style=\"text-align: justify;\"><span style=\"color: #800000;\"><strong>Mosc\u00fa, 27 jun (SANA)\u00a0 <\/strong><\/span>El Ministerio de Defensa de Rusia anunci\u00f3 en su informe diario sobre la operaci\u00f3n militar especial en Ucrania que las fuerzas \u00a0rusas lanzaron un ataque conjunto con armas de alta precisi\u00f3n contra aer\u00f3dromos ucranianos previstos para acoger aviones occidentales.<\/p>\n<p style=\"text-align: justify;\">El ente castrense declar\u00f3 que en la regi\u00f3n de J\u00e1rkov, las bajas del Ej\u00e9rcito ucraniano ascendieron hasta 190 militares, 4 veh\u00edculos blindados de combate, 3 autom\u00f3viles, 2 obuses FH-70 y 3 obuses D-30.<\/p>\n<p style=\"text-align: justify;\">Asimismo, como resultado de acciones del grupo Oeste en la RPL y la RPD, las tropas ucranianas perdieron hasta 585 soldados, 4 autom\u00f3viles, un ob\u00fas M777, un ob\u00fas D-20, un sistema de artiller\u00eda autopropulsada, un ob\u00fas D-30, 4 dep\u00f3sitos de municiones de artiller\u00eda, un radar de contrabater\u00eda AN\/TPQ-50 y una estaci\u00f3n de lucha radioelectr\u00f3nica.<\/p>\n<p style=\"text-align: justify;\">Adem\u00e1s, en la zona de responsabilidad del grupo Sur en la RPD, las p\u00e9rdidas del enemigo fueron de m\u00e1s de 640 efectivos, un veh\u00edculo blindado de transporte, 5 autom\u00f3viles, un ob\u00fas M777, un ca\u00f1\u00f3n M198, 3 obuses D-20, un ca\u00f1\u00f3n D-30 y 5 dep\u00f3sitos de municiones de campa\u00f1a.<\/p>\n<p style=\"text-align: justify;\">De igual manera, en el \u00e1rea de operaciones del grupo Centro en la RPD, el r\u00e9gimen de Kiev perdi\u00f3 hasta 345 soldados, 3 autom\u00f3viles, un ob\u00fas M777, un ob\u00fas 2A65, 4 obuses D-30 y un ca\u00f1\u00f3n antitanque MT-12 Rapira.<\/p>\n<p style=\"text-align: justify;\">El informe detall\u00f3 tambi\u00e9n que, como resultado de acciones del grupo Este en la RPD, el ej\u00e9rcito ucraniano perdi\u00f3 a\u00a0 m\u00e1s de 115 de sus soldados, as\u00ed como un veh\u00edculo blindado de combate, 5 autom\u00f3viles, un ob\u00fas FH-70, una estaci\u00f3n de artiller\u00eda autopropulsada 2S1 Gvozdika, un ob\u00fas D-30 y un ca\u00f1\u00f3n M119.<\/p>\n<p style=\"text-align: justify;\">En cuanto al sector de responsabilidad del grupo Dnepr en la regi\u00f3n de Jers\u00f3n, 80 militares ucraniano fueron neutralizados, adem\u00e1s de la destrucci\u00f3n de 13 autom\u00f3viles, 3 sistemas HIMARS, un ob\u00fas M777, un ob\u00fas FH-70 y un sistema de artiller\u00eda autopropulsada 2S1 Gvozdika<\/p>\n<p style=\"text-align: justify;\">Los sistemas rusos de defensa antia\u00e9rea derribaron 2 aviones MiG-29, 62 drones, 4 misiles Patriot y 2 proyectiles de HIMARS.<\/p>\n<p style=\"text-align: justify;\">sm<\/p>\n","protected":false},"excerpt":{"rendered":"<p>Mosc\u00fa, 27 jun (SANA)\u00a0 El Ministerio de Defensa de Rusia anunci\u00f3 en su informe diario sobre la operaci\u00f3n militar especial en Ucrania que las fuerzas \u00a0rusas lanzaron un ataque conjunto con armas de alta precisi\u00f3n contra aer\u00f3dromos ucranianos previstos para acoger aviones occidentales. El ente castrense declar\u00f3 que en la regi\u00f3n de J\u00e1rkov, las bajas &hellip;<\/p>\n","protected":false},"author":39,"featured_media":332628,"comment_status":"closed","ping_status":"closed","sticky":false,"template":"","format":"standard","meta":{"footnotes":""},"categories":[597,456,16687,20724,583],"tags":[],"class_list":["post-332627","post","type-post","status-publish","format-standard","has-post-thumbnail","","category-cinta-de-noticias","category-arabe-internacional-politica","category-internacionales","category-minuto-a-minuto","category-slide"],"_links":{"self":[{"href":"https:\/\/archive.sana.sy\/es\/index.php?rest_route=\/wp\/v2\/posts\/332627"}],"collection":[{"href":"https:\/\/archive.sana.sy\/es\/index.php?rest_route=\/wp\/v2\/posts"}],"about":[{"href":"https:\/\/archive.sana.sy\/es\/index.php?rest_route=\/wp\/v2\/types\/post"}],"author":[{"embeddable":true,"href":"https:\/\/archive.sana.sy\/es\/index.php?rest_route=\/wp\/v2\/users\/39"}],"replies":[{"embeddable":true,"href":"https:\/\/archive.sana.sy\/es\/index.php?rest_route=%2Fwp%2Fv2%2Fcomments&post=332627"}],"version-history":[{"count":2,"href":"https:\/\/archive.sana.sy\/es\/index.php?rest_route=\/wp\/v2\/posts\/332627\/revisions"}],"predecessor-version":[{"id":332630,"href":"https:\/\/archive.sana.sy\/es\/index.php?rest_route=\/wp\/v2\/posts\/332627\/revisions\/332630"}],"wp:featuredmedia":[{"embeddable":true,"href":"https:\/\/archive.sana.sy\/es\/index.php?rest_route=\/wp\/v2\/media\/332628"}],"wp:attachment":[{"href":"https:\/\/archive.sana.sy\/es\/index.php?rest_route=%2Fwp%2Fv2%2Fmedia&parent=332627"}],"wp:term":[{"taxonomy":"category","embeddable":true,"href":"https:\/\/archive.sana.sy\/es\/index.php?rest_route=%2Fwp%2Fv2%2Fcategories&post=332627"},{"taxonomy":"post_tag","embeddable":true,"href":"https:\/\/archive.sana.sy\/es\/index.php?rest_route=%2Fwp%2Fv2%2Ftags&post=332627"}],"curies":[{"name":"wp","href":"https:\/\/api.w.org\/{rel}","templated":true}]}}