{"id":332636,"date":"2024-06-27T17:25:02","date_gmt":"2024-06-27T14:25:02","guid":{"rendered":"https:\/\/sana.sy\/es\/?p=332636"},"modified":"2024-06-27T17:26:11","modified_gmt":"2024-06-27T14:26:11","slug":"siria-participa-en-segunda-cumbre-regional-sobre-el-aprendizaje-de-los-jovenes-y-la-transicion-al-trabajo-celebrada-en-tunez","status":"publish","type":"post","link":"https:\/\/archive.sana.sy\/es\/?p=332636","title":{"rendered":"Siria participa en Segunda Cumbre Regional sobre el aprendizaje de los j\u00f3venes y la transici\u00f3n al trabajo celebrada en T\u00fanez"},"content":{"rendered":"<p style=\"text-align: justify;\"><span style=\"color: #800000;\"><strong>T\u00fanez, 27 jun (SANA)\u00a0<\/strong> <\/span>Siria particip\u00f3 en la Segunda Cumbre Regional sobre aprendizaje juvenil, adquisici\u00f3n de habilidades y transici\u00f3n al trabajo decente, celebrada en T\u00fanez entre el 26 y 27 de este junio.<\/p>\n<p style=\"text-align: justify;\">El Ministro Adjunto de Asuntos Sociales y Trabajo, Anas Al-Dabash, confirm\u00f3 en su discurso que Siria ha tomado muchas medidas para desarrollar una legislaci\u00f3n que regule el mercado laboral a trav\u00e9s de un di\u00e1logo efectivo entre los trabajadores, el gobierno y los empleadores, lo que contribuye a mejorar el cumplimiento de la aplicaci\u00f3n de las leyes referentes.<\/p>\n<p style=\"text-align: justify;\">Asimismo, el titular sirio destac\u00f3 la importancia de la plataforma de informaci\u00f3n sobre el mercado laboral que se lanz\u00f3 en su pa\u00eds con el fin de proporcionar informaci\u00f3n precisa sobre el mercado laboral y vincular los resultados educativos con las necesidades del mercado laboral y beneficiarse del mismo en la elaboraci\u00f3n de pol\u00edticas de empleo.<\/p>\n<p style=\"text-align: justify;\">Adem\u00e1s, se refiri\u00f3 a la simplificaci\u00f3n de procedimientos, la emisi\u00f3n de manuales de trabajo de los servicios prestados y la elevaci\u00f3n del nivel de concienciaci\u00f3n de trabajadores y empleadores.<\/p>\n<p style=\"text-align: justify;\">sm<\/p>\n","protected":false},"excerpt":{"rendered":"<p>T\u00fanez, 27 jun (SANA)\u00a0 Siria particip\u00f3 en la Segunda Cumbre Regional sobre aprendizaje juvenil, adquisici\u00f3n de habilidades y transici\u00f3n al trabajo decente, celebrada en T\u00fanez entre el 26 y 27 de este junio. El Ministro Adjunto de Asuntos Sociales y Trabajo, Anas Al-Dabash, confirm\u00f3 en su discurso que Siria ha tomado muchas medidas para desarrollar &hellip;<\/p>\n","protected":false},"author":39,"featured_media":332637,"comment_status":"closed","ping_status":"closed","sticky":false,"template":"","format":"standard","meta":{"footnotes":""},"categories":[597,20724,467,7541],"tags":[],"class_list":["post-332636","post","type-post","status-publish","format-standard","has-post-thumbnail","","category-cinta-de-noticias","category-minuto-a-minuto","category-siria-y-el-mundo","category-ultimas-noticias"],"_links":{"self":[{"href":"https:\/\/archive.sana.sy\/es\/index.php?rest_route=\/wp\/v2\/posts\/332636"}],"collection":[{"href":"https:\/\/archive.sana.sy\/es\/index.php?rest_route=\/wp\/v2\/posts"}],"about":[{"href":"https:\/\/archive.sana.sy\/es\/index.php?rest_route=\/wp\/v2\/types\/post"}],"author":[{"embeddable":true,"href":"https:\/\/archive.sana.sy\/es\/index.php?rest_route=\/wp\/v2\/users\/39"}],"replies":[{"embeddable":true,"href":"https:\/\/archive.sana.sy\/es\/index.php?rest_route=%2Fwp%2Fv2%2Fcomments&post=332636"}],"version-history":[{"count":2,"href":"https:\/\/archive.sana.sy\/es\/index.php?rest_route=\/wp\/v2\/posts\/332636\/revisions"}],"predecessor-version":[{"id":332639,"href":"https:\/\/archive.sana.sy\/es\/index.php?rest_route=\/wp\/v2\/posts\/332636\/revisions\/332639"}],"wp:featuredmedia":[{"embeddable":true,"href":"https:\/\/archive.sana.sy\/es\/index.php?rest_route=\/wp\/v2\/media\/332637"}],"wp:attachment":[{"href":"https:\/\/archive.sana.sy\/es\/index.php?rest_route=%2Fwp%2Fv2%2Fmedia&parent=332636"}],"wp:term":[{"taxonomy":"category","embeddable":true,"href":"https:\/\/archive.sana.sy\/es\/index.php?rest_route=%2Fwp%2Fv2%2Fcategories&post=332636"},{"taxonomy":"post_tag","embeddable":true,"href":"https:\/\/archive.sana.sy\/es\/index.php?rest_route=%2Fwp%2Fv2%2Ftags&post=332636"}],"curies":[{"name":"wp","href":"https:\/\/api.w.org\/{rel}","templated":true}]}}