{"id":332644,"date":"2024-06-27T19:52:19","date_gmt":"2024-06-27T16:52:19","guid":{"rendered":"https:\/\/sana.sy\/es\/?p=332644"},"modified":"2024-06-27T19:52:19","modified_gmt":"2024-06-27T16:52:19","slug":"dos-escuelas-en-el-sur-de-siria-resultan-danadas-debido-a-la-reciente-agresion-israeli-fotos","status":"publish","type":"post","link":"https:\/\/archive.sana.sy\/es\/?p=332644","title":{"rendered":"Dos escuelas en el sur de Siria resultan da\u00f1adas debido a la reciente agresi\u00f3n israel\u00ed (+fotos)"},"content":{"rendered":"<p style=\"text-align: justify;\"><span style=\"color: #800000;\"><strong>Damasco, 27 jun (SANA)\u00a0<\/strong> <\/span>El Ministerio de Educaci\u00f3n de Siria anunci\u00f3 que dos escuelas en la localidad de Hujaira, en la provincia de Damasco-campo resultaron da\u00f1adas debido a la brutal agresi\u00f3n israel\u00ed que tuvo lugar ayer contra la regi\u00f3n sur del pa\u00eds.<\/p>\n<p style=\"text-align: justify;\">La entidad educativa detall\u00f3 en un comunicado que la agresi\u00f3n provoc\u00f3 da\u00f1os y roturas de puertas, muebles y ventanas en las dos referidas escuelas.<\/p>\n<p style=\"text-align: justify;\">Indic\u00f3 que este comportamiento evidencia el salvajismo del ocupante israel\u00ed y su naturaleza inhumana.<\/p>\n<p style=\"text-align: justify;\">El Ministerio de Defensa de Siria hab\u00eda informado que a las 23:40 hora local de este 26 de junio, el ej\u00e9rcito israel\u00ed perpetr\u00f3 un ataque a\u00e9reo desde la direcci\u00f3n del Gol\u00e1n sirio ocupado contra varios puntos en la regi\u00f3n sure\u00f1a.<\/p>\n<p style=\"text-align: justify;\">El ataque caus\u00f3 la muerte de dos personas y un soldado result\u00f3 herido.<\/p>\n<div id='gallery-1' class='gallery galleryid-332644 gallery-columns-1 gallery-size-full'><figure class='gallery-item'>\n\t\t\t<div class='gallery-icon portrait'>\n\t\t\t\t<a href='https:\/\/archive.sana.sy\/es\/?attachment_id=332646'><img loading=\"lazy\" decoding=\"async\" width=\"660\" height=\"880\" src=\"https:\/\/archive.sana.sy\/es\/wp-content\/uploads\/2024\/06\/Dos-escuelas-en-el-sur-de-Siria-resultan-danadas-debido-a-la-reciente-agresion-israeli0000.jpeg\" class=\"attachment-full size-full\" alt=\"\" srcset=\"https:\/\/archive.sana.sy\/es\/wp-content\/uploads\/2024\/06\/Dos-escuelas-en-el-sur-de-Siria-resultan-danadas-debido-a-la-reciente-agresion-israeli0000.jpeg 660w, https:\/\/archive.sana.sy\/es\/wp-content\/uploads\/2024\/06\/Dos-escuelas-en-el-sur-de-Siria-resultan-danadas-debido-a-la-reciente-agresion-israeli0000-225x300.jpeg 225w, https:\/\/archive.sana.sy\/es\/wp-content\/uploads\/2024\/06\/Dos-escuelas-en-el-sur-de-Siria-resultan-danadas-debido-a-la-reciente-agresion-israeli0000-113x150.jpeg 113w\" sizes=\"(max-width: 660px) 100vw, 660px\" \/><\/a>\n\t\t\t<\/div><\/figure><figure class='gallery-item'>\n\t\t\t<div class='gallery-icon landscape'>\n\t\t\t\t<a href='https:\/\/archive.sana.sy\/es\/?attachment_id=332647'><img loading=\"lazy\" decoding=\"async\" width=\"660\" height=\"488\" src=\"https:\/\/archive.sana.sy\/es\/wp-content\/uploads\/2024\/06\/Dos-escuelas-en-el-sur-de-Siria-resultan-danadas-debido-a-la-reciente-agresion-israeli000.jpeg\" class=\"attachment-full size-full\" alt=\"\" srcset=\"https:\/\/archive.sana.sy\/es\/wp-content\/uploads\/2024\/06\/Dos-escuelas-en-el-sur-de-Siria-resultan-danadas-debido-a-la-reciente-agresion-israeli000.jpeg 660w, https:\/\/archive.sana.sy\/es\/wp-content\/uploads\/2024\/06\/Dos-escuelas-en-el-sur-de-Siria-resultan-danadas-debido-a-la-reciente-agresion-israeli000-300x222.jpeg 300w, https:\/\/archive.sana.sy\/es\/wp-content\/uploads\/2024\/06\/Dos-escuelas-en-el-sur-de-Siria-resultan-danadas-debido-a-la-reciente-agresion-israeli000-150x111.jpeg 150w\" sizes=\"(max-width: 660px) 100vw, 660px\" \/><\/a>\n\t\t\t<\/div><\/figure><figure class='gallery-item'>\n\t\t\t<div class='gallery-icon portrait'>\n\t\t\t\t<a href='https:\/\/archive.sana.sy\/es\/?attachment_id=332648'><img loading=\"lazy\" decoding=\"async\" width=\"660\" height=\"880\" src=\"https:\/\/archive.sana.sy\/es\/wp-content\/uploads\/2024\/06\/Dos-escuelas-en-el-sur-de-Siria-resultan-danadas-debido-a-la-reciente-agresion-israeli00.jpeg\" class=\"attachment-full size-full\" alt=\"\" srcset=\"https:\/\/archive.sana.sy\/es\/wp-content\/uploads\/2024\/06\/Dos-escuelas-en-el-sur-de-Siria-resultan-danadas-debido-a-la-reciente-agresion-israeli00.jpeg 660w, https:\/\/archive.sana.sy\/es\/wp-content\/uploads\/2024\/06\/Dos-escuelas-en-el-sur-de-Siria-resultan-danadas-debido-a-la-reciente-agresion-israeli00-225x300.jpeg 225w, https:\/\/archive.sana.sy\/es\/wp-content\/uploads\/2024\/06\/Dos-escuelas-en-el-sur-de-Siria-resultan-danadas-debido-a-la-reciente-agresion-israeli00-113x150.jpeg 113w\" sizes=\"(max-width: 660px) 100vw, 660px\" \/><\/a>\n\t\t\t<\/div><\/figure><figure class='gallery-item'>\n\t\t\t<div class='gallery-icon landscape'>\n\t\t\t\t<a href='https:\/\/archive.sana.sy\/es\/?attachment_id=332649'><img loading=\"lazy\" decoding=\"async\" width=\"660\" height=\"437\" src=\"https:\/\/archive.sana.sy\/es\/wp-content\/uploads\/2024\/06\/Dos-escuelas-en-el-sur-de-Siria-resultan-danadas-debido-a-la-reciente-agresion-israeli0.jpeg\" class=\"attachment-full size-full\" alt=\"\" srcset=\"https:\/\/archive.sana.sy\/es\/wp-content\/uploads\/2024\/06\/Dos-escuelas-en-el-sur-de-Siria-resultan-danadas-debido-a-la-reciente-agresion-israeli0.jpeg 660w, https:\/\/archive.sana.sy\/es\/wp-content\/uploads\/2024\/06\/Dos-escuelas-en-el-sur-de-Siria-resultan-danadas-debido-a-la-reciente-agresion-israeli0-300x199.jpeg 300w, https:\/\/archive.sana.sy\/es\/wp-content\/uploads\/2024\/06\/Dos-escuelas-en-el-sur-de-Siria-resultan-danadas-debido-a-la-reciente-agresion-israeli0-150x99.jpeg 150w, https:\/\/archive.sana.sy\/es\/wp-content\/uploads\/2024\/06\/Dos-escuelas-en-el-sur-de-Siria-resultan-danadas-debido-a-la-reciente-agresion-israeli0-310x205.jpeg 310w\" sizes=\"(max-width: 660px) 100vw, 660px\" \/><\/a>\n\t\t\t<\/div><\/figure><figure class='gallery-item'>\n\t\t\t<div class='gallery-icon portrait'>\n\t\t\t\t<a href='https:\/\/archive.sana.sy\/es\/?attachment_id=332650'><img loading=\"lazy\" decoding=\"async\" width=\"660\" height=\"793\" src=\"https:\/\/archive.sana.sy\/es\/wp-content\/uploads\/2024\/06\/Dos-escuelas-en-el-sur-de-Siria-resultan-danadas-debido-a-la-reciente-agresion-israeli01.jpeg\" class=\"attachment-full size-full\" alt=\"\" srcset=\"https:\/\/archive.sana.sy\/es\/wp-content\/uploads\/2024\/06\/Dos-escuelas-en-el-sur-de-Siria-resultan-danadas-debido-a-la-reciente-agresion-israeli01.jpeg 660w, https:\/\/archive.sana.sy\/es\/wp-content\/uploads\/2024\/06\/Dos-escuelas-en-el-sur-de-Siria-resultan-danadas-debido-a-la-reciente-agresion-israeli01-250x300.jpeg 250w, https:\/\/archive.sana.sy\/es\/wp-content\/uploads\/2024\/06\/Dos-escuelas-en-el-sur-de-Siria-resultan-danadas-debido-a-la-reciente-agresion-israeli01-125x150.jpeg 125w\" sizes=\"(max-width: 660px) 100vw, 660px\" \/><\/a>\n\t\t\t<\/div><\/figure>\n\t\t<\/div>\n\n<p style=\"text-align: justify;\">sm<\/p>\n","protected":false},"excerpt":{"rendered":"<p>Damasco, 27 jun (SANA)\u00a0 El Ministerio de Educaci\u00f3n de Siria anunci\u00f3 que dos escuelas en la localidad de Hujaira, en la provincia de Damasco-campo resultaron da\u00f1adas debido a la brutal agresi\u00f3n israel\u00ed que tuvo lugar ayer contra la regi\u00f3n sur del pa\u00eds. La entidad educativa detall\u00f3 en un comunicado que la agresi\u00f3n provoc\u00f3 da\u00f1os y &hellip;<\/p>\n","protected":false},"author":39,"featured_media":332645,"comment_status":"closed","ping_status":"closed","sticky":false,"template":"","format":"standard","meta":{"footnotes":""},"categories":[477,597,573,20724,476,7541],"tags":[],"class_list":["post-332644","post","type-post","status-publish","format-standard","has-post-thumbnail","","category-noticias-edulcorantes","category-cinta-de-noticias","category-la-realidad-de-los-acontecimientos-en-siria","category-minuto-a-minuto","category-locales","category-ultimas-noticias"],"_links":{"self":[{"href":"https:\/\/archive.sana.sy\/es\/index.php?rest_route=\/wp\/v2\/posts\/332644"}],"collection":[{"href":"https:\/\/archive.sana.sy\/es\/index.php?rest_route=\/wp\/v2\/posts"}],"about":[{"href":"https:\/\/archive.sana.sy\/es\/index.php?rest_route=\/wp\/v2\/types\/post"}],"author":[{"embeddable":true,"href":"https:\/\/archive.sana.sy\/es\/index.php?rest_route=\/wp\/v2\/users\/39"}],"replies":[{"embeddable":true,"href":"https:\/\/archive.sana.sy\/es\/index.php?rest_route=%2Fwp%2Fv2%2Fcomments&post=332644"}],"version-history":[{"count":1,"href":"https:\/\/archive.sana.sy\/es\/index.php?rest_route=\/wp\/v2\/posts\/332644\/revisions"}],"predecessor-version":[{"id":332651,"href":"https:\/\/archive.sana.sy\/es\/index.php?rest_route=\/wp\/v2\/posts\/332644\/revisions\/332651"}],"wp:featuredmedia":[{"embeddable":true,"href":"https:\/\/archive.sana.sy\/es\/index.php?rest_route=\/wp\/v2\/media\/332645"}],"wp:attachment":[{"href":"https:\/\/archive.sana.sy\/es\/index.php?rest_route=%2Fwp%2Fv2%2Fmedia&parent=332644"}],"wp:term":[{"taxonomy":"category","embeddable":true,"href":"https:\/\/archive.sana.sy\/es\/index.php?rest_route=%2Fwp%2Fv2%2Fcategories&post=332644"},{"taxonomy":"post_tag","embeddable":true,"href":"https:\/\/archive.sana.sy\/es\/index.php?rest_route=%2Fwp%2Fv2%2Ftags&post=332644"}],"curies":[{"name":"wp","href":"https:\/\/api.w.org\/{rel}","templated":true}]}}