{"id":332667,"date":"2024-06-28T15:15:57","date_gmt":"2024-06-28T12:15:57","guid":{"rendered":"https:\/\/sana.sy\/es\/?p=332667"},"modified":"2024-06-28T15:25:14","modified_gmt":"2024-06-28T12:25:14","slug":"siria-condena-intento-fallido-de-golpe-de-estado-en-bolivia","status":"publish","type":"post","link":"https:\/\/archive.sana.sy\/es\/?p=332667","title":{"rendered":"Siria condena golpe de estado en Bolivia y ratifica apoyo al gobierno de Acre"},"content":{"rendered":"<p style=\"text-align: justify;\"><span style=\"color: #800000;\"><strong>Damasco, 28 jun (SANA)<\/strong> <\/span>El Ministerio de Asuntos Exteriores y Expatriados de Siria conden\u00f3 hoy el fallido golpe de estado llevado a cabo por algunas unidades militares del ej\u00e9rcito boliviano y denunci\u00f3 los que est\u00e1n detr\u00e1s de este intento que tuvo lugar en La Paz el 26 de junio, con el objetivo de derrocar al gobierno electo del Estado Plurinacional de Bolivia, encabezado por el presidente Luis Arce Catacora.<\/p>\n<p style=\"text-align: justify;\"><img loading=\"lazy\" decoding=\"async\" class=\"size-medium wp-image-332697 alignright\" src=\"http:\/\/sana.sy\/es\/wp-content\/uploads\/2024\/06\/Siria-condena-intento-fallido-de-golpe-de-estado-en-Bolivia-1-300x150.jpeg\" alt=\"\" width=\"300\" height=\"150\" srcset=\"https:\/\/archive.sana.sy\/es\/wp-content\/uploads\/2024\/06\/Siria-condena-intento-fallido-de-golpe-de-estado-en-Bolivia-1-300x150.jpeg 300w, https:\/\/archive.sana.sy\/es\/wp-content\/uploads\/2024\/06\/Siria-condena-intento-fallido-de-golpe-de-estado-en-Bolivia-1-150x75.jpeg 150w, https:\/\/archive.sana.sy\/es\/wp-content\/uploads\/2024\/06\/Siria-condena-intento-fallido-de-golpe-de-estado-en-Bolivia-1.jpeg 660w\" sizes=\"(max-width: 300px) 100vw, 300px\" \/><\/p>\n<p style=\"text-align: justify;\">Por medio de una declaraci\u00f3n emitida hoy, la Canciller\u00eda inst\u00f3 a respetar el orden constitucional de Bolivia, mantener la estabilidad democr\u00e1tica e institucional y el estado de derecho, y evitar la injerencia extranjera en los asuntos internos de este pa\u00eds amigo.<\/p>\n<p style=\"text-align: justify;\">\u201cDamasco expresa su apoyo y respaldo al gobierno leg\u00edtimo de Bolivia encabezado por el presidente Luis Arce, quien fue elegido democr\u00e1ticamente por el amigo pueblo boliviano&#8221;, afirm\u00f3 el comunicado.<\/p>\n<p style=\"text-align: justify;\">Exigi\u00f3 una vez m\u00e1s a los pa\u00edses y fuerzas arrogantes que respeten la libertad de los pueblos de Am\u00e9rica Latina, incluido el pueblo boliviano, de conservar sus instituciones leg\u00edtimas electas.<\/p>\n<p style=\"text-align: justify;\"><em><strong>ah\/fm\/sm<\/strong><\/em><\/p>\n","protected":false},"excerpt":{"rendered":"<p>Damasco, 28 jun (SANA) El Ministerio de Asuntos Exteriores y Expatriados de Siria conden\u00f3 hoy el fallido golpe de estado llevado a cabo por algunas unidades militares del ej\u00e9rcito boliviano y denunci\u00f3 los que est\u00e1n detr\u00e1s de este intento que tuvo lugar en La Paz el 26 de junio, con el objetivo de derrocar al &hellip;<\/p>\n","protected":false},"author":30,"featured_media":332696,"comment_status":"closed","ping_status":"closed","sticky":false,"template":"","format":"standard","meta":{"footnotes":""},"categories":[597,20724,467,583],"tags":[],"class_list":["post-332667","post","type-post","status-publish","format-standard","has-post-thumbnail","","category-cinta-de-noticias","category-minuto-a-minuto","category-siria-y-el-mundo","category-slide"],"_links":{"self":[{"href":"https:\/\/archive.sana.sy\/es\/index.php?rest_route=\/wp\/v2\/posts\/332667"}],"collection":[{"href":"https:\/\/archive.sana.sy\/es\/index.php?rest_route=\/wp\/v2\/posts"}],"about":[{"href":"https:\/\/archive.sana.sy\/es\/index.php?rest_route=\/wp\/v2\/types\/post"}],"author":[{"embeddable":true,"href":"https:\/\/archive.sana.sy\/es\/index.php?rest_route=\/wp\/v2\/users\/30"}],"replies":[{"embeddable":true,"href":"https:\/\/archive.sana.sy\/es\/index.php?rest_route=%2Fwp%2Fv2%2Fcomments&post=332667"}],"version-history":[{"count":5,"href":"https:\/\/archive.sana.sy\/es\/index.php?rest_route=\/wp\/v2\/posts\/332667\/revisions"}],"predecessor-version":[{"id":332698,"href":"https:\/\/archive.sana.sy\/es\/index.php?rest_route=\/wp\/v2\/posts\/332667\/revisions\/332698"}],"wp:featuredmedia":[{"embeddable":true,"href":"https:\/\/archive.sana.sy\/es\/index.php?rest_route=\/wp\/v2\/media\/332696"}],"wp:attachment":[{"href":"https:\/\/archive.sana.sy\/es\/index.php?rest_route=%2Fwp%2Fv2%2Fmedia&parent=332667"}],"wp:term":[{"taxonomy":"category","embeddable":true,"href":"https:\/\/archive.sana.sy\/es\/index.php?rest_route=%2Fwp%2Fv2%2Fcategories&post=332667"},{"taxonomy":"post_tag","embeddable":true,"href":"https:\/\/archive.sana.sy\/es\/index.php?rest_route=%2Fwp%2Fv2%2Ftags&post=332667"}],"curies":[{"name":"wp","href":"https:\/\/api.w.org\/{rel}","templated":true}]}}