{"id":332676,"date":"2024-06-28T13:47:29","date_gmt":"2024-06-28T10:47:29","guid":{"rendered":"https:\/\/sana.sy\/es\/?p=332676"},"modified":"2024-06-28T14:46:11","modified_gmt":"2024-06-28T11:46:11","slug":"inaugurado-un-centro-medico-y-comunitario-en-damasco","status":"publish","type":"post","link":"https:\/\/archive.sana.sy\/es\/?p=332676","title":{"rendered":"Inaugurado un centro m\u00e9dico y comunitario en el campamento Yarmuk en Damasco (+ fotos)"},"content":{"rendered":"<p style=\"text-align: justify;\"><span style=\"color: #800000;\"><strong>Damasco, 28 jun (SANA)<\/strong>\u00a0 \u00a0<\/span>La Media Luna Roja Palestina en Siria inaugur\u00f3 hoy el Centro M\u00e9dico y Comunitario en el Campamento Yarmuk de refugiados palestinos, al sur de Damasco, la capital.<\/p>\n<p style=\"text-align: justify;\">El centro est\u00e1 conformado por tres pisos y un s\u00f3tano, y ofrece servicios comunitarios como cursos de formaci\u00f3n profesional, galer\u00eda de arte, apoyo psicol\u00f3gico y servicios de salud incluidos di\u00e1lisis y primeros auxilios.<\/p>\n<p style=\"text-align: justify;\">El secretario general de la Organizaci\u00f3n \u00c1rabe de la Media Luna Roja y la Cruz Roja (ARCO), Saleh bin Hamad Al-Tuwaijri, elogi\u00f3 los esfuerzos de la Media Luna Roja Palestina y su empe\u00f1o por proporcionar necesidades b\u00e1sicas y aportar a devolver la vida al campamento Yarmuk.<\/p>\n<p style=\"text-align: justify;\"><img loading=\"lazy\" decoding=\"async\" class=\"size-medium wp-image-332687 alignright\" src=\"http:\/\/sana.sy\/es\/wp-content\/uploads\/2024\/06\/Inaugurado-un-centro-medico-y-comunitario-en-el-campamento-Yarmuk-en-Damasco00-1-300x200.jpeg\" alt=\"\" width=\"300\" height=\"200\" srcset=\"https:\/\/archive.sana.sy\/es\/wp-content\/uploads\/2024\/06\/Inaugurado-un-centro-medico-y-comunitario-en-el-campamento-Yarmuk-en-Damasco00-1-300x200.jpeg 300w, https:\/\/archive.sana.sy\/es\/wp-content\/uploads\/2024\/06\/Inaugurado-un-centro-medico-y-comunitario-en-el-campamento-Yarmuk-en-Damasco00-1-150x100.jpeg 150w, https:\/\/archive.sana.sy\/es\/wp-content\/uploads\/2024\/06\/Inaugurado-un-centro-medico-y-comunitario-en-el-campamento-Yarmuk-en-Damasco00-1.jpeg 660w\" sizes=\"(max-width: 300px) 100vw, 300px\" \/><\/p>\n<p style=\"text-align: justify;\">Se refiri\u00f3 a los efectos devastadores de la guerra en Siria desde 2011, especialmente en la comunidad palestina, y la importancia de proporcionar ayuda para aliviar el sufrimiento y promover la estabilidad.<\/p>\n<p style=\"text-align: justify;\">\n<p style=\"text-align: justify;\">Por su parte, el embajador palestino en Damasco, Samir Al-Rifai, destac\u00f3 que la inauguraci\u00f3n de este centro es importante porque fomenta el regreso de los residentes y env\u00eda un mensaje de que por m\u00e1s que dure la guerra, Yarmuk y todo el territorio sirio se recuperar\u00e1n.<\/p>\n<p style=\"text-align: justify;\">ah\/fm\/sm<\/p>\n","protected":false},"excerpt":{"rendered":"<p>Damasco, 28 jun (SANA)\u00a0 \u00a0La Media Luna Roja Palestina en Siria inaugur\u00f3 hoy el Centro M\u00e9dico y Comunitario en el Campamento Yarmuk de refugiados palestinos, al sur de Damasco, la capital. El centro est\u00e1 conformado por tres pisos y un s\u00f3tano, y ofrece servicios comunitarios como cursos de formaci\u00f3n profesional, galer\u00eda de arte, apoyo psicol\u00f3gico &hellip;<\/p>\n","protected":false},"author":30,"featured_media":332677,"comment_status":"closed","ping_status":"closed","sticky":false,"template":"","format":"standard","meta":{"footnotes":""},"categories":[597,20724,476,7541],"tags":[],"class_list":["post-332676","post","type-post","status-publish","format-standard","has-post-thumbnail","","category-cinta-de-noticias","category-minuto-a-minuto","category-locales","category-ultimas-noticias"],"_links":{"self":[{"href":"https:\/\/archive.sana.sy\/es\/index.php?rest_route=\/wp\/v2\/posts\/332676"}],"collection":[{"href":"https:\/\/archive.sana.sy\/es\/index.php?rest_route=\/wp\/v2\/posts"}],"about":[{"href":"https:\/\/archive.sana.sy\/es\/index.php?rest_route=\/wp\/v2\/types\/post"}],"author":[{"embeddable":true,"href":"https:\/\/archive.sana.sy\/es\/index.php?rest_route=\/wp\/v2\/users\/30"}],"replies":[{"embeddable":true,"href":"https:\/\/archive.sana.sy\/es\/index.php?rest_route=%2Fwp%2Fv2%2Fcomments&post=332676"}],"version-history":[{"count":3,"href":"https:\/\/archive.sana.sy\/es\/index.php?rest_route=\/wp\/v2\/posts\/332676\/revisions"}],"predecessor-version":[{"id":332688,"href":"https:\/\/archive.sana.sy\/es\/index.php?rest_route=\/wp\/v2\/posts\/332676\/revisions\/332688"}],"wp:featuredmedia":[{"embeddable":true,"href":"https:\/\/archive.sana.sy\/es\/index.php?rest_route=\/wp\/v2\/media\/332677"}],"wp:attachment":[{"href":"https:\/\/archive.sana.sy\/es\/index.php?rest_route=%2Fwp%2Fv2%2Fmedia&parent=332676"}],"wp:term":[{"taxonomy":"category","embeddable":true,"href":"https:\/\/archive.sana.sy\/es\/index.php?rest_route=%2Fwp%2Fv2%2Fcategories&post=332676"},{"taxonomy":"post_tag","embeddable":true,"href":"https:\/\/archive.sana.sy\/es\/index.php?rest_route=%2Fwp%2Fv2%2Ftags&post=332676"}],"curies":[{"name":"wp","href":"https:\/\/api.w.org\/{rel}","templated":true}]}}