{"id":332679,"date":"2024-06-28T13:50:20","date_gmt":"2024-06-28T10:50:20","guid":{"rendered":"https:\/\/sana.sy\/es\/?p=332679"},"modified":"2024-06-28T13:50:20","modified_gmt":"2024-06-28T10:50:20","slug":"guterres-destaca-marginalidad-de-la-onu-y-destaca-importancia-de-organizaciones-regionales","status":"publish","type":"post","link":"https:\/\/archive.sana.sy\/es\/?p=332679","title":{"rendered":"Guterres destaca marginalidad de la ONU y destaca importancia de organizaciones regionales"},"content":{"rendered":"<p style=\"text-align: justify;\"><span style=\"color: #800000;\"><strong>Nueva York, 28 jun (SANA)<\/strong> <\/span>El secretario general de las Naciones Unidas, Ant\u00f3nio Guterres, afirm\u00f3 que la organizaci\u00f3n que preside ya no es el centro de todo, dado que los problemas se volvieron m\u00e1s complejos y las situaciones m\u00e1s dif\u00edciles.<\/p>\n<p style=\"text-align: justify;\">En este contexto, subray\u00f3 la importancia de las organizaciones regionales para resolver cuestiones urgentes.<\/p>\n<p style=\"text-align: justify;\">Durante una entrevista exclusiva con la agencia TASS, Guterres explic\u00f3 que el secretario general de la ONU tiene muy poco poder y recursos financieros limitados, pero su voz puede ser importante si se mantiene fiel a la Carta de la ONU y al derecho internacional, y sirve a los desfavorecidos en el mundo.<\/p>\n<p style=\"text-align: justify;\">Guterres expres\u00f3 su insatisfacci\u00f3n con su trabajo y el de la ONU, e indic\u00f3 que se debe mejorar significativamente en la promoci\u00f3n de la paz, que desapareci\u00f3 debido a disputas geopol\u00edticas y un equilibrio de poder menos claro.<\/p>\n<p style=\"text-align: justify;\">\u201cEs necesario crear condiciones econ\u00f3micas y sociales favorables en el \u00e1mbito de los derechos humanos\u201d, a\u00f1adi\u00f3.<\/p>\n<p style=\"text-align: justify;\">Respecto a la reforma del Consejo de Seguridad de la ONU, Guterres se\u00f1al\u00f3 la necesidad de al menos un asiento permanente para \u00c1frica y una mayor representaci\u00f3n de pa\u00edses en desarrollo.<\/p>\n<p style=\"text-align: justify;\">Afirm\u00f3 que tanto la Uni\u00f3n Sovi\u00e9tica en el pasado como Rusia en el presente son esenciales para la ONU.<\/p>\n<p style=\"text-align: justify;\">Tambi\u00e9n, agreg\u00f3 que la ONU no es el centro de todo y que cada vez est\u00e1 m\u00e1s convencido de la importancia de las organizaciones regionales para resolver problemas, y mencion\u00f3 que entidades como BRICS, la Organizaci\u00f3n de Cooperaci\u00f3n de Shangh\u00e1i, la Uni\u00f3n Africana y la Organizaci\u00f3n de Cooperaci\u00f3n Isl\u00e1mica juegan un papel crucial en la vida internacional y son socios clave de la ONU.<\/p>\n<p style=\"text-align: justify;\"><em><strong>ah<\/strong><\/em><\/p>\n","protected":false},"excerpt":{"rendered":"<p>Nueva York, 28 jun (SANA) El secretario general de las Naciones Unidas, Ant\u00f3nio Guterres, afirm\u00f3 que la organizaci\u00f3n que preside ya no es el centro de todo, dado que los problemas se volvieron m\u00e1s complejos y las situaciones m\u00e1s dif\u00edciles. En este contexto, subray\u00f3 la importancia de las organizaciones regionales para resolver cuestiones urgentes. Durante &hellip;<\/p>\n","protected":false},"author":30,"featured_media":332680,"comment_status":"closed","ping_status":"closed","sticky":false,"template":"","format":"standard","meta":{"footnotes":""},"categories":[597,456,20724,7541],"tags":[],"class_list":["post-332679","post","type-post","status-publish","format-standard","has-post-thumbnail","","category-cinta-de-noticias","category-arabe-internacional-politica","category-minuto-a-minuto","category-ultimas-noticias"],"_links":{"self":[{"href":"https:\/\/archive.sana.sy\/es\/index.php?rest_route=\/wp\/v2\/posts\/332679"}],"collection":[{"href":"https:\/\/archive.sana.sy\/es\/index.php?rest_route=\/wp\/v2\/posts"}],"about":[{"href":"https:\/\/archive.sana.sy\/es\/index.php?rest_route=\/wp\/v2\/types\/post"}],"author":[{"embeddable":true,"href":"https:\/\/archive.sana.sy\/es\/index.php?rest_route=\/wp\/v2\/users\/30"}],"replies":[{"embeddable":true,"href":"https:\/\/archive.sana.sy\/es\/index.php?rest_route=%2Fwp%2Fv2%2Fcomments&post=332679"}],"version-history":[{"count":1,"href":"https:\/\/archive.sana.sy\/es\/index.php?rest_route=\/wp\/v2\/posts\/332679\/revisions"}],"predecessor-version":[{"id":332681,"href":"https:\/\/archive.sana.sy\/es\/index.php?rest_route=\/wp\/v2\/posts\/332679\/revisions\/332681"}],"wp:featuredmedia":[{"embeddable":true,"href":"https:\/\/archive.sana.sy\/es\/index.php?rest_route=\/wp\/v2\/media\/332680"}],"wp:attachment":[{"href":"https:\/\/archive.sana.sy\/es\/index.php?rest_route=%2Fwp%2Fv2%2Fmedia&parent=332679"}],"wp:term":[{"taxonomy":"category","embeddable":true,"href":"https:\/\/archive.sana.sy\/es\/index.php?rest_route=%2Fwp%2Fv2%2Fcategories&post=332679"},{"taxonomy":"post_tag","embeddable":true,"href":"https:\/\/archive.sana.sy\/es\/index.php?rest_route=%2Fwp%2Fv2%2Ftags&post=332679"}],"curies":[{"name":"wp","href":"https:\/\/api.w.org\/{rel}","templated":true}]}}