{"id":332693,"date":"2024-06-28T15:13:05","date_gmt":"2024-06-28T12:13:05","guid":{"rendered":"https:\/\/sana.sy\/es\/?p=332693"},"modified":"2024-06-28T15:28:31","modified_gmt":"2024-06-28T12:28:31","slug":"inician-elecciones-presidenciales-anticipadas-en-iran","status":"publish","type":"post","link":"https:\/\/archive.sana.sy\/es\/?p=332693","title":{"rendered":"Inician elecciones presidenciales anticipadas en Ir\u00e1n"},"content":{"rendered":"<p style=\"text-align: justify;\"><span style=\"color: #800000;\"><strong>Teher\u00e1n, 28 jun (SANA)<\/strong> <\/span>Millones de iran\u00edes participan en las elecciones presidenciales a trav\u00e9s de 59 mil urnas en toda la naci\u00f3n y en otros 95 pa\u00edses.<\/p>\n<p style=\"text-align: justify;\">La inesperada cita con las urnas fue convocada hace 40 d\u00edas, tras el tr\u00e1gico accidente de helic\u00f3ptero del pasado mes de mayo, en el que perdieron la vida el presidente Seyed Ebrahim Raisi y varios de sus acompa\u00f1antes, entre ellos el canciller, Hosein Amirabdolahian.<\/p>\n<p style=\"text-align: justify;\">En esta jornada, est\u00e1n convocados m\u00e1s de 61 millones de iran\u00edes para decidir entre los cuatro aspirantes Masud Pezeshkian, Mostafa Purmohamadi, Mohammad Baqer Qalibaf y Said Yalili.<\/p>\n<p style=\"text-align: justify;\">El portavoz de la Canciller\u00eda iran\u00ed, Naser Kanani, rechaz\u00f3 hoy la intromisi\u00f3n flagrante del enviado especial interino de Estados Unidos para Ir\u00e1n, Abram Paley, en los asuntos internos del pa\u00eds persa, despu\u00e9s de que \u00e9ste cuestionara la libertad y transparencia de las elecciones presidenciales.<\/p>\n<p style=\"text-align: justify;\">En una conferencia de prensa tras su voto en las elecciones, el L\u00edder de la Revoluci\u00f3n Isl\u00e1mica de Ir\u00e1n, el ayatol\u00e1 Seyed Ali Jamenei, dijo que &#8220;el d\u00eda de las elecciones es para nosotros, los iran\u00edes, un d\u00eda de alegr\u00eda y felicidad. Especialmente, cuando se trata de elecciones para elegir al presidente de la Rep\u00fablica Isl\u00e1mica, con cuya elecci\u00f3n la gente determina varios a\u00f1os del futuro del pa\u00eds&#8221;.<\/p>\n<p style=\"text-align: justify;\">&#8220;Sin embargo, hay a mi juicio algo importante adem\u00e1s de eso, que es la asistencia entusiasta de la gente y el incremento y la elevaci\u00f3n del n\u00famero de los votantes. Eso es para la Rep\u00fablica Isl\u00e1mica una necesidad perentoria&#8221;, puntualiz\u00f3 Jamenei.<\/p>\n<p style=\"text-align: justify;\">fm\/sm<\/p>\n","protected":false},"excerpt":{"rendered":"<p>Teher\u00e1n, 28 jun (SANA) Millones de iran\u00edes participan en las elecciones presidenciales a trav\u00e9s de 59 mil urnas en toda la naci\u00f3n y en otros 95 pa\u00edses. La inesperada cita con las urnas fue convocada hace 40 d\u00edas, tras el tr\u00e1gico accidente de helic\u00f3ptero del pasado mes de mayo, en el que perdieron la vida &hellip;<\/p>\n","protected":false},"author":39,"featured_media":332699,"comment_status":"closed","ping_status":"closed","sticky":false,"template":"","format":"standard","meta":{"footnotes":""},"categories":[597,456,16687,20724,583],"tags":[],"class_list":["post-332693","post","type-post","status-publish","format-standard","has-post-thumbnail","","category-cinta-de-noticias","category-arabe-internacional-politica","category-internacionales","category-minuto-a-minuto","category-slide"],"_links":{"self":[{"href":"https:\/\/archive.sana.sy\/es\/index.php?rest_route=\/wp\/v2\/posts\/332693"}],"collection":[{"href":"https:\/\/archive.sana.sy\/es\/index.php?rest_route=\/wp\/v2\/posts"}],"about":[{"href":"https:\/\/archive.sana.sy\/es\/index.php?rest_route=\/wp\/v2\/types\/post"}],"author":[{"embeddable":true,"href":"https:\/\/archive.sana.sy\/es\/index.php?rest_route=\/wp\/v2\/users\/39"}],"replies":[{"embeddable":true,"href":"https:\/\/archive.sana.sy\/es\/index.php?rest_route=%2Fwp%2Fv2%2Fcomments&post=332693"}],"version-history":[{"count":1,"href":"https:\/\/archive.sana.sy\/es\/index.php?rest_route=\/wp\/v2\/posts\/332693\/revisions"}],"predecessor-version":[{"id":332695,"href":"https:\/\/archive.sana.sy\/es\/index.php?rest_route=\/wp\/v2\/posts\/332693\/revisions\/332695"}],"wp:featuredmedia":[{"embeddable":true,"href":"https:\/\/archive.sana.sy\/es\/index.php?rest_route=\/wp\/v2\/media\/332699"}],"wp:attachment":[{"href":"https:\/\/archive.sana.sy\/es\/index.php?rest_route=%2Fwp%2Fv2%2Fmedia&parent=332693"}],"wp:term":[{"taxonomy":"category","embeddable":true,"href":"https:\/\/archive.sana.sy\/es\/index.php?rest_route=%2Fwp%2Fv2%2Fcategories&post=332693"},{"taxonomy":"post_tag","embeddable":true,"href":"https:\/\/archive.sana.sy\/es\/index.php?rest_route=%2Fwp%2Fv2%2Ftags&post=332693"}],"curies":[{"name":"wp","href":"https:\/\/api.w.org\/{rel}","templated":true}]}}