{"id":33275,"date":"2015-11-11T15:00:32","date_gmt":"2015-11-11T13:00:32","guid":{"rendered":"http:\/\/sana.sy\/es\/?p=33275"},"modified":"2015-11-11T15:23:36","modified_gmt":"2015-11-11T13:23:36","slug":"de-mistura-llama-a-aprovechar-las-conversaciones-de-viena-para-resolver-la-crisis-en-siria","status":"publish","type":"post","link":"https:\/\/archive.sana.sy\/es\/?p=33275","title":{"rendered":"De Mistura llama a aprovechar las conversaciones de Viena para resolver la crisis en Siria"},"content":{"rendered":"<p><span style=\"color: #800000\">Nueva York, SANA<\/span><\/p>\n<p>El enviado especial de la ONU a Siria, Staffan De Mitsura, llam\u00f3 a las superpotencias para aprovechar el auge alcanzado por las conversaciones de Viena y poner en marcha un proceso pol\u00edtico capaz de resolver la crisis en Siria.<\/p>\n<p>La declaraci\u00f3n del enviado de la ONU se produjo al t\u00e9rmino de una reuni\u00f3n del Consejo de Seguridad en la que ofreci\u00f3 una presentaci\u00f3n sobre sus conversaciones realizada en Damasco, Washington y Mosc\u00fa sobre la crisis en Siria.<\/p>\n<p>Asimismo, dijo que &#8220;el impulso creado por las conversaciones de Viena no se debe perder&#8221;, y agreg\u00f3 que estas reuniones deben dar metas alcanzables y una de esas metas es reducir la violencia&#8221;.<\/p>\n<p>De Mistura precis\u00f3 que su trabajo es asegurarse de que los pa\u00edses importantes como Rusia, Arabia Saudita e Ir\u00e1n se re\u00fanan y debatan un proceso pol\u00edtico&#8221;, se\u00f1alando que &#8220;es hora de que esos pa\u00edses se enfrentan a estos desaf\u00edos.&#8221;<\/p>\n<p><span style=\"color: #00ccff\">Fady m., Hala B.<\/span><\/p>\n","protected":false},"excerpt":{"rendered":"<p>Nueva York, SANA El enviado especial de la ONU a Siria, Staffan De Mitsura, llam\u00f3 a las superpotencias para aprovechar el auge alcanzado por las conversaciones de Viena y poner en marcha un proceso pol\u00edtico capaz de resolver la crisis en Siria. La declaraci\u00f3n del enviado de la ONU se produjo al t\u00e9rmino de una &hellip;<\/p>\n","protected":false},"author":1,"featured_media":11810,"comment_status":"closed","ping_status":"closed","sticky":false,"template":"","format":"standard","meta":{"footnotes":""},"categories":[456,457,576],"tags":[7351],"class_list":["post-33275","post","type-post","status-publish","format-standard","has-post-thumbnail","","category-arabe-internacional-politica","category-noticias-arabe-internacional-politica","category-noticias-politicas","tag-de-mistura-llama-a-aprovechar-las-conversaciones-de-viena-para-resolver-la-crisis-en-siria"],"_links":{"self":[{"href":"https:\/\/archive.sana.sy\/es\/index.php?rest_route=\/wp\/v2\/posts\/33275"}],"collection":[{"href":"https:\/\/archive.sana.sy\/es\/index.php?rest_route=\/wp\/v2\/posts"}],"about":[{"href":"https:\/\/archive.sana.sy\/es\/index.php?rest_route=\/wp\/v2\/types\/post"}],"author":[{"embeddable":true,"href":"https:\/\/archive.sana.sy\/es\/index.php?rest_route=\/wp\/v2\/users\/1"}],"replies":[{"embeddable":true,"href":"https:\/\/archive.sana.sy\/es\/index.php?rest_route=%2Fwp%2Fv2%2Fcomments&post=33275"}],"version-history":[{"count":0,"href":"https:\/\/archive.sana.sy\/es\/index.php?rest_route=\/wp\/v2\/posts\/33275\/revisions"}],"wp:featuredmedia":[{"embeddable":true,"href":"https:\/\/archive.sana.sy\/es\/index.php?rest_route=\/wp\/v2\/media\/11810"}],"wp:attachment":[{"href":"https:\/\/archive.sana.sy\/es\/index.php?rest_route=%2Fwp%2Fv2%2Fmedia&parent=33275"}],"wp:term":[{"taxonomy":"category","embeddable":true,"href":"https:\/\/archive.sana.sy\/es\/index.php?rest_route=%2Fwp%2Fv2%2Fcategories&post=33275"},{"taxonomy":"post_tag","embeddable":true,"href":"https:\/\/archive.sana.sy\/es\/index.php?rest_route=%2Fwp%2Fv2%2Ftags&post=33275"}],"curies":[{"name":"wp","href":"https:\/\/api.w.org\/{rel}","templated":true}]}}