{"id":332770,"date":"2024-06-29T12:44:01","date_gmt":"2024-06-29T09:44:01","guid":{"rendered":"https:\/\/sana.sy\/es\/?p=332770"},"modified":"2024-06-29T12:44:01","modified_gmt":"2024-06-29T09:44:01","slug":"el-pastor-anibal-aguilar-ideologo-de-la-intentona-golpista-en-bolivia","status":"publish","type":"post","link":"https:\/\/archive.sana.sy\/es\/?p=332770","title":{"rendered":"El pastor An\u00edbal Aguilar, ide\u00f3logo de la intentona golpista en Bolivia"},"content":{"rendered":"<blockquote><p><span style=\"color: #ff6600;\"><strong>Hasta el momento, ya suman 21 los militares capturados como parte de las pesquisas en marcha, investigados por la presunta comisi\u00f3n de los delitos de \u00abalzamiento armado, atentado contra el presidente y destrucci\u00f3n de bienes p\u00fablicos y privados\u00bb.<\/strong><\/span><\/p><\/blockquote>\n<p style=\"text-align: justify;\"><span style=\"color: #800000;\"><strong>La Paz, 29 jun (SANA)<\/strong><\/span> El pastor An\u00edbal Aguilar, miembro del Consejo Nacional Cristiano, fue identificado como el ide\u00f3logo del fallido golpe militar en Bolivia, seg\u00fan su cabecilla, el exjefe del Ej\u00e9rcito Juan Jos\u00e9 Z\u00fa\u00f1iga.<\/p>\n<p style=\"text-align: justify;\">\u201cEl ide\u00f3logo fue el licenciado An\u00edbal Aguilar quien realizaba presentaciones y an\u00e1lisis en mi oficina desde el mes de mayo &#8220;, confes\u00f3 Z\u00fa\u00f1iga en el interrogatorio policial.<\/p>\n<p style=\"text-align: justify;\">De acuerdo con el militar aprehendido, Aguilar le dec\u00eda que deb\u00eda realizar un levantamiento y salir a la Plaza Murillo para tomar el poder y llamar a elecciones.<\/p>\n<p style=\"text-align: justify;\">La prensa boliviana reporta, en tanto, que Aguilar realizaba apariciones como analista en medios de comunicaci\u00f3n y se identificaba como experto internacional en planificaci\u00f3n, gesti\u00f3n estrat\u00e9gica y promoci\u00f3n de inversiones.<\/p>\n<p style=\"text-align: justify;\">A\u00f1aden que, en redes sociales, Aguilar compart\u00eda sus opiniones expresadas en textos y videos en su cuenta personal y de la organizaci\u00f3n Bolivia Viable.<\/p>\n<p style=\"text-align: justify;\">Hasta el momento, ya suman 21 los militares capturados como parte de las pesquisas en marcha, investigados por la presunta comisi\u00f3n de los delitos de \u00abalzamiento armado, atentado contra el presidente y destrucci\u00f3n de bienes p\u00fablicos y privados\u00bb.<\/p>\n<p style=\"text-align: justify;\"><em><strong>fm\/ah<\/strong><\/em><\/p>\n","protected":false},"excerpt":{"rendered":"<p>Hasta el momento, ya suman 21 los militares capturados como parte de las pesquisas en marcha, investigados por la presunta comisi\u00f3n de los delitos de \u00abalzamiento armado, atentado contra el presidente y destrucci\u00f3n de bienes p\u00fablicos y privados\u00bb. La Paz, 29 jun (SANA) El pastor An\u00edbal Aguilar, miembro del Consejo Nacional Cristiano, fue identificado como &hellip;<\/p>\n","protected":false},"author":30,"featured_media":332771,"comment_status":"closed","ping_status":"closed","sticky":false,"template":"","format":"standard","meta":{"footnotes":""},"categories":[597,456,20724,7541],"tags":[],"class_list":["post-332770","post","type-post","status-publish","format-standard","has-post-thumbnail","","category-cinta-de-noticias","category-arabe-internacional-politica","category-minuto-a-minuto","category-ultimas-noticias"],"_links":{"self":[{"href":"https:\/\/archive.sana.sy\/es\/index.php?rest_route=\/wp\/v2\/posts\/332770"}],"collection":[{"href":"https:\/\/archive.sana.sy\/es\/index.php?rest_route=\/wp\/v2\/posts"}],"about":[{"href":"https:\/\/archive.sana.sy\/es\/index.php?rest_route=\/wp\/v2\/types\/post"}],"author":[{"embeddable":true,"href":"https:\/\/archive.sana.sy\/es\/index.php?rest_route=\/wp\/v2\/users\/30"}],"replies":[{"embeddable":true,"href":"https:\/\/archive.sana.sy\/es\/index.php?rest_route=%2Fwp%2Fv2%2Fcomments&post=332770"}],"version-history":[{"count":1,"href":"https:\/\/archive.sana.sy\/es\/index.php?rest_route=\/wp\/v2\/posts\/332770\/revisions"}],"predecessor-version":[{"id":332772,"href":"https:\/\/archive.sana.sy\/es\/index.php?rest_route=\/wp\/v2\/posts\/332770\/revisions\/332772"}],"wp:featuredmedia":[{"embeddable":true,"href":"https:\/\/archive.sana.sy\/es\/index.php?rest_route=\/wp\/v2\/media\/332771"}],"wp:attachment":[{"href":"https:\/\/archive.sana.sy\/es\/index.php?rest_route=%2Fwp%2Fv2%2Fmedia&parent=332770"}],"wp:term":[{"taxonomy":"category","embeddable":true,"href":"https:\/\/archive.sana.sy\/es\/index.php?rest_route=%2Fwp%2Fv2%2Fcategories&post=332770"},{"taxonomy":"post_tag","embeddable":true,"href":"https:\/\/archive.sana.sy\/es\/index.php?rest_route=%2Fwp%2Fv2%2Ftags&post=332770"}],"curies":[{"name":"wp","href":"https:\/\/api.w.org\/{rel}","templated":true}]}}