{"id":332797,"date":"2024-06-30T06:19:02","date_gmt":"2024-06-30T03:19:02","guid":{"rendered":"https:\/\/sana.sy\/es\/?p=332797"},"modified":"2024-06-30T06:19:02","modified_gmt":"2024-06-30T03:19:02","slug":"tribunal-popular-de-justicia-para-gaza-en-siria","status":"publish","type":"post","link":"https:\/\/archive.sana.sy\/es\/?p=332797","title":{"rendered":"Tribunal Popular de Justicia para Gaza en Siria"},"content":{"rendered":"<p style=\"text-align: justify;\"><span style=\"color: #800000;\"><strong>Damasco, 30 jun (SANA)\u00a0<\/strong><\/span>\u00a0 Con la participaci\u00f3n de jueces y expertos jur\u00eddicos sirios y de pa\u00edses \u00e1rabes (Egipto, Argelia, Irak y L\u00edbano), la Fundaci\u00f3n de la Liga de Naciones \u00c1rabes realiz\u00f3 hoy en la capital Damasco, un \u201cTribunal Popular de Justicia para Gaza\u201d.<\/p>\n<p style=\"text-align: justify;\">El objetivo de la acci\u00f3n es activar el papel popular en la lucha jur\u00eddica contra la ocupaci\u00f3n israel\u00ed y movilizar y organizar las masas en el marco de una organizaci\u00f3n no gubernamental reconocida en varios pa\u00edses.<\/p>\n<p style=\"text-align: justify;\">El tribunal escuch\u00f3 a un grupo de alegatos presentados por estudiantes de \u201cdoctorado\u201d de posgrado en el campo del derecho internacional de universidades sirias y \u00e1rabes, como parte del concurso \u201cMejores alegatos legales contra los cr\u00edmenes sionistas cometidos en la Franja de Gaza\u201d.<\/p>\n<p style=\"text-align: justify;\"><img loading=\"lazy\" decoding=\"async\" class=\"wp-image-332798 alignleft\" src=\"http:\/\/sana.sy\/es\/wp-content\/uploads\/2024\/06\/DSC_7126-scaled-1.jpg\" alt=\"\" width=\"318\" height=\"212\" srcset=\"https:\/\/archive.sana.sy\/es\/wp-content\/uploads\/2024\/06\/DSC_7126-scaled-1.jpg 2560w, https:\/\/archive.sana.sy\/es\/wp-content\/uploads\/2024\/06\/DSC_7126-scaled-1-300x200.jpg 300w, https:\/\/archive.sana.sy\/es\/wp-content\/uploads\/2024\/06\/DSC_7126-scaled-1-1024x683.jpg 1024w, https:\/\/archive.sana.sy\/es\/wp-content\/uploads\/2024\/06\/DSC_7126-scaled-1-150x100.jpg 150w, https:\/\/archive.sana.sy\/es\/wp-content\/uploads\/2024\/06\/DSC_7126-scaled-1-768x512.jpg 768w, https:\/\/archive.sana.sy\/es\/wp-content\/uploads\/2024\/06\/DSC_7126-scaled-1-1536x1024.jpg 1536w, https:\/\/archive.sana.sy\/es\/wp-content\/uploads\/2024\/06\/DSC_7126-scaled-1-2048x1366.jpg 2048w\" sizes=\"(max-width: 318px) 100vw, 318px\" \/>La secretaria general de la Fundaci\u00f3n de la Liga de las Naciones \u00c1rabes, Hala Al-Asaad, explic\u00f3 en declaraciones a SANA, que este tribunal se enmarca dentro del plan de promover la cultura de resistencia legal contra los cr\u00edmenes sionistas.<\/p>\n<p style=\"text-align: justify;\">Este tribunal coincide con las posiciones de los estudiantes a nivel mundial con respecto a la cuesti\u00f3n humanitaria de Palestina, precis\u00f3.<\/p>\n<p style=\"text-align: justify;\">A\u00f1adi\u00f3 que este tribunal es un punto de partida para permitir a los estudiantes de doctorado en trabajos p\u00fablicos internacionales defender la naci\u00f3n \u00e1rabe, ya que hoy la atenci\u00f3n se centra en lo que est\u00e1 sucediendo en Gaza en t\u00e9rminos de cr\u00edmenes y violaciones cometidos por la ocupaci\u00f3n contra el pueblo de Gaza.<\/p>\n<p style=\"text-align: justify;\">El juez Muhammad Tay del L\u00edbano, dijo que el tribunal decidi\u00f3 por unanimidad criminalizar los actos cometidos por los l\u00edderes y soldados de la entidad de ocupaci\u00f3n israel\u00ed y los pa\u00edses, organizaciones y grupos que participan, apoyan, financian y contribuyen a cometer estos actos criminales.<\/p>\n<p style=\"text-align: justify;\">Tambi\u00e9n conden\u00f3 a los l\u00edderes israel\u00edes con las penas estipuladas en las leyes nacionales e internacionales y llam\u00f3 a obligar a los estados y organizaciones internacionales a procesar a los perpetradores de estos delitos e imponerles las penas m\u00e1s severas.<\/p>\n<p style=\"text-align: justify;\">La Fundaci\u00f3n de la Liga de Naciones \u00c1rabes es una organizaci\u00f3n no gubernamental que se ocupa de asuntos sociales, culturales, de desarrollo, patrimoniales, juveniles y palestinos.<\/p>\n<p style=\"text-align: justify;\">fm<\/p>\n","protected":false},"excerpt":{"rendered":"<p>Damasco, 30 jun (SANA)\u00a0\u00a0 Con la participaci\u00f3n de jueces y expertos jur\u00eddicos sirios y de pa\u00edses \u00e1rabes (Egipto, Argelia, Irak y L\u00edbano), la Fundaci\u00f3n de la Liga de Naciones \u00c1rabes realiz\u00f3 hoy en la capital Damasco, un \u201cTribunal Popular de Justicia para Gaza\u201d. El objetivo de la acci\u00f3n es activar el papel popular en la &hellip;<\/p>\n","protected":false},"author":34,"featured_media":332799,"comment_status":"closed","ping_status":"closed","sticky":false,"template":"","format":"standard","meta":{"footnotes":""},"categories":[597,456,20724,583],"tags":[],"class_list":["post-332797","post","type-post","status-publish","format-standard","has-post-thumbnail","","category-cinta-de-noticias","category-arabe-internacional-politica","category-minuto-a-minuto","category-slide"],"_links":{"self":[{"href":"https:\/\/archive.sana.sy\/es\/index.php?rest_route=\/wp\/v2\/posts\/332797"}],"collection":[{"href":"https:\/\/archive.sana.sy\/es\/index.php?rest_route=\/wp\/v2\/posts"}],"about":[{"href":"https:\/\/archive.sana.sy\/es\/index.php?rest_route=\/wp\/v2\/types\/post"}],"author":[{"embeddable":true,"href":"https:\/\/archive.sana.sy\/es\/index.php?rest_route=\/wp\/v2\/users\/34"}],"replies":[{"embeddable":true,"href":"https:\/\/archive.sana.sy\/es\/index.php?rest_route=%2Fwp%2Fv2%2Fcomments&post=332797"}],"version-history":[{"count":1,"href":"https:\/\/archive.sana.sy\/es\/index.php?rest_route=\/wp\/v2\/posts\/332797\/revisions"}],"predecessor-version":[{"id":332800,"href":"https:\/\/archive.sana.sy\/es\/index.php?rest_route=\/wp\/v2\/posts\/332797\/revisions\/332800"}],"wp:featuredmedia":[{"embeddable":true,"href":"https:\/\/archive.sana.sy\/es\/index.php?rest_route=\/wp\/v2\/media\/332799"}],"wp:attachment":[{"href":"https:\/\/archive.sana.sy\/es\/index.php?rest_route=%2Fwp%2Fv2%2Fmedia&parent=332797"}],"wp:term":[{"taxonomy":"category","embeddable":true,"href":"https:\/\/archive.sana.sy\/es\/index.php?rest_route=%2Fwp%2Fv2%2Fcategories&post=332797"},{"taxonomy":"post_tag","embeddable":true,"href":"https:\/\/archive.sana.sy\/es\/index.php?rest_route=%2Fwp%2Fv2%2Ftags&post=332797"}],"curies":[{"name":"wp","href":"https:\/\/api.w.org\/{rel}","templated":true}]}}