{"id":332807,"date":"2024-06-30T15:06:58","date_gmt":"2024-06-30T12:06:58","guid":{"rendered":"https:\/\/sanasyria.org\/es\/?p=332807"},"modified":"2024-06-30T15:07:04","modified_gmt":"2024-06-30T12:07:04","slug":"inician-en-siria-las-eliminatorias-de-la-octava-temporada-del-concurso-arabe-de-lectura","status":"publish","type":"post","link":"https:\/\/archive.sana.sy\/es\/?p=332807","title":{"rendered":"Inician en Siria las eliminatorias de la octava temporada del Concurso \u00c1rabe de Lectura"},"content":{"rendered":"<p style=\"text-align: justify;\"><span style=\"color: #800000;\"><strong>Damasco, 30 jun (SANA)\u00a0<\/strong>\u00a0<\/span>\u00a0Las eliminatorias de la octava temporada del Concurso \u00c1rabe de Lectura comenzaron hoy en la sede del Ministerio de Educaci\u00f3n en Damasco.<\/p>\n<p style=\"text-align: justify;\">Las competencias durar\u00e1n dos d\u00edas y participan en las mismas 115 estudiantes de varias gobernaciones.<\/p>\n<p style=\"text-align: justify;\">El n\u00famero de menores sirios que se hab\u00edan postulado en marzo a participar en la octava edici\u00f3n del Desaf\u00edo de Lectura \u00c1rabe ascendi\u00f3 a 400 mil y es una cifra que se multiplic\u00f3 varias veces en comparaci\u00f3n con el a\u00f1o pasado.<\/p>\n<p style=\"text-align: justify;\">Este aumento, seg\u00fan afirmaron las autoridades, se debe a la amplia difusi\u00f3n de la iniciativa y al trabajo de los centros escolares para promover la cultura de la lectura.<\/p>\n<p style=\"text-align: justify;\">Siria logr\u00f3 el segundo lugar en la Iniciativa Desaf\u00edo de Lectura \u00c1rabe en su s\u00e9ptima temporada celebrada en Emiratos \u00c1rabes Unidos y el primer lugar en la sexta edici\u00f3n en 2022.<\/p>\n<p style=\"text-align: justify;\">Este concurso comenz\u00f3 hace ocho a\u00f1os y requiere de cada concursante la lectura de 50 libros como condici\u00f3n preliminar para participar.<\/p>\n<p style=\"text-align: justify;\"><strong>fm\/ws<\/strong><\/p>\n","protected":false},"excerpt":{"rendered":"<p>Damasco, 30 jun (SANA)\u00a0\u00a0\u00a0Las eliminatorias de la octava temporada del Concurso \u00c1rabe de Lectura comenzaron hoy en la sede del Ministerio de Educaci\u00f3n en Damasco. Las competencias durar\u00e1n dos d\u00edas y participan en las mismas 115 estudiantes de varias gobernaciones. El n\u00famero de menores sirios que se hab\u00edan postulado en marzo a participar en la &hellip;<\/p>\n","protected":false},"author":32,"featured_media":332808,"comment_status":"closed","ping_status":"closed","sticky":false,"template":"","format":"standard","meta":{"footnotes":""},"categories":[477,597,20724,476,7541],"tags":[],"class_list":["post-332807","post","type-post","status-publish","format-standard","has-post-thumbnail","","category-noticias-edulcorantes","category-cinta-de-noticias","category-minuto-a-minuto","category-locales","category-ultimas-noticias"],"_links":{"self":[{"href":"https:\/\/archive.sana.sy\/es\/index.php?rest_route=\/wp\/v2\/posts\/332807"}],"collection":[{"href":"https:\/\/archive.sana.sy\/es\/index.php?rest_route=\/wp\/v2\/posts"}],"about":[{"href":"https:\/\/archive.sana.sy\/es\/index.php?rest_route=\/wp\/v2\/types\/post"}],"author":[{"embeddable":true,"href":"https:\/\/archive.sana.sy\/es\/index.php?rest_route=\/wp\/v2\/users\/32"}],"replies":[{"embeddable":true,"href":"https:\/\/archive.sana.sy\/es\/index.php?rest_route=%2Fwp%2Fv2%2Fcomments&post=332807"}],"version-history":[{"count":2,"href":"https:\/\/archive.sana.sy\/es\/index.php?rest_route=\/wp\/v2\/posts\/332807\/revisions"}],"predecessor-version":[{"id":332810,"href":"https:\/\/archive.sana.sy\/es\/index.php?rest_route=\/wp\/v2\/posts\/332807\/revisions\/332810"}],"wp:featuredmedia":[{"embeddable":true,"href":"https:\/\/archive.sana.sy\/es\/index.php?rest_route=\/wp\/v2\/media\/332808"}],"wp:attachment":[{"href":"https:\/\/archive.sana.sy\/es\/index.php?rest_route=%2Fwp%2Fv2%2Fmedia&parent=332807"}],"wp:term":[{"taxonomy":"category","embeddable":true,"href":"https:\/\/archive.sana.sy\/es\/index.php?rest_route=%2Fwp%2Fv2%2Fcategories&post=332807"},{"taxonomy":"post_tag","embeddable":true,"href":"https:\/\/archive.sana.sy\/es\/index.php?rest_route=%2Fwp%2Fv2%2Ftags&post=332807"}],"curies":[{"name":"wp","href":"https:\/\/api.w.org\/{rel}","templated":true}]}}