{"id":332811,"date":"2024-06-30T15:08:05","date_gmt":"2024-06-30T12:08:05","guid":{"rendered":"https:\/\/sanasyria.org\/es\/?p=332811"},"modified":"2024-06-30T15:08:05","modified_gmt":"2024-06-30T12:08:05","slug":"las-fuerzas-rusas-expulsan-a-tropas-ucranianas-del-flanco-izquierdo-de-la-provincia-de-jerson","status":"publish","type":"post","link":"https:\/\/archive.sana.sy\/es\/?p=332811","title":{"rendered":"Las fuerzas rusas expulsan a tropas ucranianas del flanco izquierdo de la provincia de Jers\u00f3n"},"content":{"rendered":"<p style=\"text-align: justify;\"><span style=\"color: #800000;\"><strong>Mosc\u00fa, 30 jun (SANA)\u00a0<\/strong><\/span>\u00a0\u00a0El gobernador de la provincia rusa de Jers\u00f3n, Vladimir Saldo, anunci\u00f3 que las fuerzas rusas lograron expulsar a los militantes ucranianos del flanco izquierdo de la provincia.<\/p>\n<p style=\"text-align: justify;\">\u201cLos combates ahora tienen lugar en las islas en direcci\u00f3n a Jers\u00f3n, donde nuestro ej\u00e9rcito intensific\u00f3 sus operaciones y expuls\u00f3 a las fuerzas ucranianas del lado izquierdo de la provincia\u201d, dijo Saldo.<\/p>\n<p style=\"text-align: justify;\">Aclar\u00f3 que estas islas son consideradas una de las zonas de contacto con el enemigo y tienen fronteras naturales con el r\u00edo Dni\u00e9per.<\/p>\n<p style=\"text-align: justify;\">Anteriormente, los equipos de obuses D-30 del Grupo de Fuerzas del Norte de Rusia destruyeron posiciones camufladas del ej\u00e9rcito ucraniano en la zona de la operaci\u00f3n militar especial.<\/p>\n<p style=\"text-align: justify;\"><strong>fm\/ws<\/strong><\/p>\n","protected":false},"excerpt":{"rendered":"<p>Mosc\u00fa, 30 jun (SANA)\u00a0\u00a0\u00a0El gobernador de la provincia rusa de Jers\u00f3n, Vladimir Saldo, anunci\u00f3 que las fuerzas rusas lograron expulsar a los militantes ucranianos del flanco izquierdo de la provincia. \u201cLos combates ahora tienen lugar en las islas en direcci\u00f3n a Jers\u00f3n, donde nuestro ej\u00e9rcito intensific\u00f3 sus operaciones y expuls\u00f3 a las fuerzas ucranianas del &hellip;<\/p>\n","protected":false},"author":32,"featured_media":332812,"comment_status":"closed","ping_status":"closed","sticky":false,"template":"","format":"standard","meta":{"footnotes":""},"categories":[597,456,20724,7541],"tags":[],"class_list":["post-332811","post","type-post","status-publish","format-standard","has-post-thumbnail","","category-cinta-de-noticias","category-arabe-internacional-politica","category-minuto-a-minuto","category-ultimas-noticias"],"_links":{"self":[{"href":"https:\/\/archive.sana.sy\/es\/index.php?rest_route=\/wp\/v2\/posts\/332811"}],"collection":[{"href":"https:\/\/archive.sana.sy\/es\/index.php?rest_route=\/wp\/v2\/posts"}],"about":[{"href":"https:\/\/archive.sana.sy\/es\/index.php?rest_route=\/wp\/v2\/types\/post"}],"author":[{"embeddable":true,"href":"https:\/\/archive.sana.sy\/es\/index.php?rest_route=\/wp\/v2\/users\/32"}],"replies":[{"embeddable":true,"href":"https:\/\/archive.sana.sy\/es\/index.php?rest_route=%2Fwp%2Fv2%2Fcomments&post=332811"}],"version-history":[{"count":1,"href":"https:\/\/archive.sana.sy\/es\/index.php?rest_route=\/wp\/v2\/posts\/332811\/revisions"}],"predecessor-version":[{"id":332813,"href":"https:\/\/archive.sana.sy\/es\/index.php?rest_route=\/wp\/v2\/posts\/332811\/revisions\/332813"}],"wp:featuredmedia":[{"embeddable":true,"href":"https:\/\/archive.sana.sy\/es\/index.php?rest_route=\/wp\/v2\/media\/332812"}],"wp:attachment":[{"href":"https:\/\/archive.sana.sy\/es\/index.php?rest_route=%2Fwp%2Fv2%2Fmedia&parent=332811"}],"wp:term":[{"taxonomy":"category","embeddable":true,"href":"https:\/\/archive.sana.sy\/es\/index.php?rest_route=%2Fwp%2Fv2%2Fcategories&post=332811"},{"taxonomy":"post_tag","embeddable":true,"href":"https:\/\/archive.sana.sy\/es\/index.php?rest_route=%2Fwp%2Fv2%2Ftags&post=332811"}],"curies":[{"name":"wp","href":"https:\/\/api.w.org\/{rel}","templated":true}]}}