{"id":33282,"date":"2015-11-11T14:04:23","date_gmt":"2015-11-11T12:04:23","guid":{"rendered":"http:\/\/sana.sy\/es\/?p=33282"},"modified":"2015-11-11T14:04:23","modified_gmt":"2015-11-11T12:04:23","slug":"500-terroristas-de-kirguistan-se-unieron-a-las-organizaciones-terroristas-en-siria","status":"publish","type":"post","link":"https:\/\/archive.sana.sy\/es\/?p=33282","title":{"rendered":"500 terroristas de Kirguist\u00e1n se unieron a las organizaciones terroristas en Siria"},"content":{"rendered":"<p><span style=\"color: #800000\">Sochi, SANA<\/span><\/p>\n<p>La Fiscal de Kirguist\u00e1n, Indira Goldobayeva, anunci\u00f3 que 500 Kirguisos est\u00e1n luchando en las filas de las organizaciones terroristas en Siria.<\/p>\n<p>La agencia de noticias TASS cit\u00f3 a Goldobayeva diciendo en la S\u00e9ptima Conferencia Regional de la Asociaci\u00f3n Internacional de Procuradores en Europa Central y Oriental y Asia Central, que &#8220;de acuerdo a los \u00f3rganos competentes, se encuentran unos 500 ciudadanos de Kirguist\u00e1n incluyendo 122 mujeres, en Siria y combaten en las filas de las organizaciones terroristas&#8221;.<\/p>\n<p>Seg\u00fan la Fiscal de Kirguist\u00e1n, &#8220;en los \u00faltimos a\u00f1os se han identificado m\u00e1s de 500 terroristas como parte de las medidas tomadas contra el terrorismo.<\/p>\n<p><span style=\"color: #00ccff\">Fady M., Hala B.<\/span><\/p>\n","protected":false},"excerpt":{"rendered":"<p>Sochi, SANA La Fiscal de Kirguist\u00e1n, Indira Goldobayeva, anunci\u00f3 que 500 Kirguisos est\u00e1n luchando en las filas de las organizaciones terroristas en Siria. La agencia de noticias TASS cit\u00f3 a Goldobayeva diciendo en la S\u00e9ptima Conferencia Regional de la Asociaci\u00f3n Internacional de Procuradores en Europa Central y Oriental y Asia Central, que &#8220;de acuerdo a &hellip;<\/p>\n","protected":false},"author":1,"featured_media":33283,"comment_status":"closed","ping_status":"closed","sticky":false,"template":"","format":"standard","meta":{"footnotes":""},"categories":[456,457,576],"tags":[7353],"class_list":["post-33282","post","type-post","status-publish","format-standard","has-post-thumbnail","","category-arabe-internacional-politica","category-noticias-arabe-internacional-politica","category-noticias-politicas","tag-500-terroristas-de-kirguistan-se-unieron-a-las-organizaciones-terroristas-en-siria"],"_links":{"self":[{"href":"https:\/\/archive.sana.sy\/es\/index.php?rest_route=\/wp\/v2\/posts\/33282"}],"collection":[{"href":"https:\/\/archive.sana.sy\/es\/index.php?rest_route=\/wp\/v2\/posts"}],"about":[{"href":"https:\/\/archive.sana.sy\/es\/index.php?rest_route=\/wp\/v2\/types\/post"}],"author":[{"embeddable":true,"href":"https:\/\/archive.sana.sy\/es\/index.php?rest_route=\/wp\/v2\/users\/1"}],"replies":[{"embeddable":true,"href":"https:\/\/archive.sana.sy\/es\/index.php?rest_route=%2Fwp%2Fv2%2Fcomments&post=33282"}],"version-history":[{"count":0,"href":"https:\/\/archive.sana.sy\/es\/index.php?rest_route=\/wp\/v2\/posts\/33282\/revisions"}],"wp:featuredmedia":[{"embeddable":true,"href":"https:\/\/archive.sana.sy\/es\/index.php?rest_route=\/wp\/v2\/media\/33283"}],"wp:attachment":[{"href":"https:\/\/archive.sana.sy\/es\/index.php?rest_route=%2Fwp%2Fv2%2Fmedia&parent=33282"}],"wp:term":[{"taxonomy":"category","embeddable":true,"href":"https:\/\/archive.sana.sy\/es\/index.php?rest_route=%2Fwp%2Fv2%2Fcategories&post=33282"},{"taxonomy":"post_tag","embeddable":true,"href":"https:\/\/archive.sana.sy\/es\/index.php?rest_route=%2Fwp%2Fv2%2Ftags&post=33282"}],"curies":[{"name":"wp","href":"https:\/\/api.w.org\/{rel}","templated":true}]}}