{"id":332833,"date":"2024-06-30T17:58:06","date_gmt":"2024-06-30T14:58:06","guid":{"rendered":"https:\/\/sanasyria.org\/es\/?p=332833"},"modified":"2024-06-30T17:58:06","modified_gmt":"2024-06-30T14:58:06","slug":"la-guerra-contra-el-libano-seria-un-desastre-reconoce-un-oficial-de-la-fuerza-aerea-israeli","status":"publish","type":"post","link":"https:\/\/archive.sana.sy\/es\/?p=332833","title":{"rendered":"La guerra contra el L\u00edbano ser\u00eda un desastre, reconoce un oficial de la Fuerza A\u00e9rea israel\u00ed"},"content":{"rendered":"<p style=\"text-align: justify;\"><span style=\"color: #800000;\"><strong>Beirut, 30 jun (SANA)<\/strong> <\/span>Un alto oficial de la Fuerza A\u00e9rea de \u201cIsrael\u201d citado por el peri\u00f3dico israel\u00ed Maariv, advirti\u00f3 en una carta al Estado Mayor que el ej\u00e9rcito no est\u00e1 preparado para una guerra continua en el L\u00edbano, y que esta guerra llevar\u00eda Tel Aviv a un desastre estrat\u00e9gico mayor que el 7 de octubre.<\/p>\n<p style=\"text-align: justify;\">El peri\u00f3dico indic\u00f3 en un informe de Alon Ben David que \u201cel ej\u00e9rcito no est\u00e1 listo ahora para una guerra a gran escala en el L\u00edbano, y actualmente no es capaz de obtener un logro importante contra Hezbol\u00e1 y cambiar dram\u00e1ticamente la realidad en el norte.<\/p>\n<p style=\"text-align: justify;\">En el mejor de los casos, una guerra en el norte terminar\u00eda con un mal acuerdo alcanzado a un precio doloroso. En un escenario m\u00e1s probable, la guerra no terminar\u00eda e \u201cIsrael\u201d se encontrar\u00eda en una continua guerra de desgaste que paralizar\u00eda la vida en la mayor parte del pa\u00eds, sin la capacidad de emprender una acci\u00f3n decisiva\u201d, puntualiz\u00f3.<\/p>\n<p style=\"text-align: justify;\">Seg\u00fan \u00e9l, Netanyahu se da cuenta de que una guerra contra Hezbol\u00e1 en este momento generar\u00eda mayores costos y obtendr\u00eda menos logros.<\/p>\n<p style=\"text-align: justify;\">fm<\/p>\n","protected":false},"excerpt":{"rendered":"<p>Beirut, 30 jun (SANA) Un alto oficial de la Fuerza A\u00e9rea de \u201cIsrael\u201d citado por el peri\u00f3dico israel\u00ed Maariv, advirti\u00f3 en una carta al Estado Mayor que el ej\u00e9rcito no est\u00e1 preparado para una guerra continua en el L\u00edbano, y que esta guerra llevar\u00eda Tel Aviv a un desastre estrat\u00e9gico mayor que el 7 de &hellip;<\/p>\n","protected":false},"author":34,"featured_media":332834,"comment_status":"closed","ping_status":"closed","sticky":false,"template":"","format":"standard","meta":{"footnotes":""},"categories":[597,456,20724,7541],"tags":[],"class_list":["post-332833","post","type-post","status-publish","format-standard","has-post-thumbnail","","category-cinta-de-noticias","category-arabe-internacional-politica","category-minuto-a-minuto","category-ultimas-noticias"],"_links":{"self":[{"href":"https:\/\/archive.sana.sy\/es\/index.php?rest_route=\/wp\/v2\/posts\/332833"}],"collection":[{"href":"https:\/\/archive.sana.sy\/es\/index.php?rest_route=\/wp\/v2\/posts"}],"about":[{"href":"https:\/\/archive.sana.sy\/es\/index.php?rest_route=\/wp\/v2\/types\/post"}],"author":[{"embeddable":true,"href":"https:\/\/archive.sana.sy\/es\/index.php?rest_route=\/wp\/v2\/users\/34"}],"replies":[{"embeddable":true,"href":"https:\/\/archive.sana.sy\/es\/index.php?rest_route=%2Fwp%2Fv2%2Fcomments&post=332833"}],"version-history":[{"count":1,"href":"https:\/\/archive.sana.sy\/es\/index.php?rest_route=\/wp\/v2\/posts\/332833\/revisions"}],"predecessor-version":[{"id":332835,"href":"https:\/\/archive.sana.sy\/es\/index.php?rest_route=\/wp\/v2\/posts\/332833\/revisions\/332835"}],"wp:featuredmedia":[{"embeddable":true,"href":"https:\/\/archive.sana.sy\/es\/index.php?rest_route=\/wp\/v2\/media\/332834"}],"wp:attachment":[{"href":"https:\/\/archive.sana.sy\/es\/index.php?rest_route=%2Fwp%2Fv2%2Fmedia&parent=332833"}],"wp:term":[{"taxonomy":"category","embeddable":true,"href":"https:\/\/archive.sana.sy\/es\/index.php?rest_route=%2Fwp%2Fv2%2Fcategories&post=332833"},{"taxonomy":"post_tag","embeddable":true,"href":"https:\/\/archive.sana.sy\/es\/index.php?rest_route=%2Fwp%2Fv2%2Ftags&post=332833"}],"curies":[{"name":"wp","href":"https:\/\/api.w.org\/{rel}","templated":true}]}}