{"id":332986,"date":"2024-07-03T10:19:24","date_gmt":"2024-07-03T07:19:24","guid":{"rendered":"https:\/\/sana.sy\/es\/?p=332986"},"modified":"2024-07-03T18:35:37","modified_gmt":"2024-07-03T15:35:37","slug":"militares-israelies-asaltan-la-casa-de-un-ex-prisionero-sirio-en-golan-ocupado","status":"publish","type":"post","link":"https:\/\/archive.sana.sy\/es\/?p=332986","title":{"rendered":"Militares israel\u00edes asaltan la casa de un ex prisionero sirio en Gol\u00e1n ocupado"},"content":{"rendered":"<p style=\"text-align: justify\"><span style=\"color: #800000\"><strong>El Gol\u00e1n sirio ocupado, 3 jul (SANA)\u00a0<\/strong><\/span> \u00a0Tropas del ej\u00e9rcito israel\u00ed asaltaron el martes la casa del prisionero liberado Bisher Al-Maqt en la aldea de Majdal Shams, al norte del Gol\u00e1n sirio ocupado.<\/p>\n<p style=\"text-align: justify\">Seg\u00fan inform\u00f3 el corresponsal de SANA, los soldados sionistas destrozaron los muebles de la casa y sus pertenencias, adem\u00e1s de confiscar algunos objetos personales de Al-Maqt como parte de su pol\u00edtica agresiva destinada a acosar los golaneses.<\/p>\n<p style=\"text-align: justify\">Bisher Al-Maqt fue detenido en las c\u00e1rceles israel\u00edes durante 24 a\u00f1os desde 1985 hasta 2009.<\/p>\n<p style=\"text-align: justify\"><strong><span style=\"color: #800000\">ws\/fm<\/span><\/strong><\/p>\n","protected":false},"excerpt":{"rendered":"<p>El Gol\u00e1n sirio ocupado, 3 jul (SANA)\u00a0 \u00a0Tropas del ej\u00e9rcito israel\u00ed asaltaron el martes la casa del prisionero liberado Bisher Al-Maqt en la aldea de Majdal Shams, al norte del Gol\u00e1n sirio ocupado. Seg\u00fan inform\u00f3 el corresponsal de SANA, los soldados sionistas destrozaron los muebles de la casa y sus pertenencias, adem\u00e1s de confiscar algunos &hellip;<\/p>\n","protected":false},"author":35,"featured_media":332987,"comment_status":"closed","ping_status":"closed","sticky":false,"template":"","format":"standard","meta":{"footnotes":""},"categories":[597,20724,476,16688,7541],"tags":[],"class_list":["post-332986","post","type-post","status-publish","format-standard","has-post-thumbnail","","category-cinta-de-noticias","category-minuto-a-minuto","category-locales","category-nacionales","category-ultimas-noticias"],"_links":{"self":[{"href":"https:\/\/archive.sana.sy\/es\/index.php?rest_route=\/wp\/v2\/posts\/332986"}],"collection":[{"href":"https:\/\/archive.sana.sy\/es\/index.php?rest_route=\/wp\/v2\/posts"}],"about":[{"href":"https:\/\/archive.sana.sy\/es\/index.php?rest_route=\/wp\/v2\/types\/post"}],"author":[{"embeddable":true,"href":"https:\/\/archive.sana.sy\/es\/index.php?rest_route=\/wp\/v2\/users\/35"}],"replies":[{"embeddable":true,"href":"https:\/\/archive.sana.sy\/es\/index.php?rest_route=%2Fwp%2Fv2%2Fcomments&post=332986"}],"version-history":[{"count":3,"href":"https:\/\/archive.sana.sy\/es\/index.php?rest_route=\/wp\/v2\/posts\/332986\/revisions"}],"predecessor-version":[{"id":333024,"href":"https:\/\/archive.sana.sy\/es\/index.php?rest_route=\/wp\/v2\/posts\/332986\/revisions\/333024"}],"wp:featuredmedia":[{"embeddable":true,"href":"https:\/\/archive.sana.sy\/es\/index.php?rest_route=\/wp\/v2\/media\/332987"}],"wp:attachment":[{"href":"https:\/\/archive.sana.sy\/es\/index.php?rest_route=%2Fwp%2Fv2%2Fmedia&parent=332986"}],"wp:term":[{"taxonomy":"category","embeddable":true,"href":"https:\/\/archive.sana.sy\/es\/index.php?rest_route=%2Fwp%2Fv2%2Fcategories&post=332986"},{"taxonomy":"post_tag","embeddable":true,"href":"https:\/\/archive.sana.sy\/es\/index.php?rest_route=%2Fwp%2Fv2%2Ftags&post=332986"}],"curies":[{"name":"wp","href":"https:\/\/api.w.org\/{rel}","templated":true}]}}