{"id":332994,"date":"2024-07-03T11:21:06","date_gmt":"2024-07-03T08:21:06","guid":{"rendered":"https:\/\/sana.sy\/es\/?p=332994"},"modified":"2024-07-03T11:22:07","modified_gmt":"2024-07-03T08:22:07","slug":"cumbre-de-la-organizacion-de-cooperacion-de-shanghai-inicia-en-kazajistan","status":"publish","type":"post","link":"https:\/\/archive.sana.sy\/es\/?p=332994","title":{"rendered":"Cumbre de la Organizaci\u00f3n de Cooperaci\u00f3n de Shangh\u00e1i inicia en Kazajist\u00e1n"},"content":{"rendered":"<p style=\"text-align: justify;\"><span style=\"color: #800000;\"><strong>Astan\u00e1, 3 jul (SANA)\u00a0<\/strong><\/span> \u00a0La cumbre de la Organizaci\u00f3n de Cooperaci\u00f3n de Shangh\u00e1i (OCS) comenz\u00f3 hoy en la capital de Kazajist\u00e1n, con la presencia de la mayor\u00eda de los dirigentes de sus Estados miembros, entre ellos el presidente ruso, Vlad\u00edmir Putin.<\/p>\n<p style=\"text-align: justify;\"><img loading=\"lazy\" decoding=\"async\" class=\"size-medium wp-image-332997 alignright\" src=\"http:\/\/sana.sy\/es\/wp-content\/uploads\/2024\/07\/photo_2024-07-03_11-19-29-2-300x186.jpg\" alt=\"\" width=\"300\" height=\"186\" srcset=\"https:\/\/archive.sana.sy\/es\/wp-content\/uploads\/2024\/07\/photo_2024-07-03_11-19-29-2-300x186.jpg 300w, https:\/\/archive.sana.sy\/es\/wp-content\/uploads\/2024\/07\/photo_2024-07-03_11-19-29-2-1024x633.jpg 1024w, https:\/\/archive.sana.sy\/es\/wp-content\/uploads\/2024\/07\/photo_2024-07-03_11-19-29-2-150x93.jpg 150w, https:\/\/archive.sana.sy\/es\/wp-content\/uploads\/2024\/07\/photo_2024-07-03_11-19-29-2-768x475.jpg 768w, https:\/\/archive.sana.sy\/es\/wp-content\/uploads\/2024\/07\/photo_2024-07-03_11-19-29-2.jpg 1200w\" sizes=\"(max-width: 300px) 100vw, 300px\" \/><\/p>\n<p style=\"text-align: justify;\">La OCS se cre\u00f3 el 15 de junio de 2001 en Shangh\u00e1i Y est\u00e1 integrada por Kazajist\u00e1n, Kirguist\u00e1n, Rusia, Tayikist\u00e1n, China, Uzbekist\u00e1n, India, Ir\u00e1n y Pakist\u00e1n, Y tiene como principal objetivo el fortalecimiento de la seguridad en la regi\u00f3n.<\/p>\n<p style=\"text-align: justify;\">Se espera que el principal resultado pr\u00e1ctico de la reuni\u00f3n sea la admisi\u00f3n de Bielorrusia en la organizaci\u00f3n. Adem\u00e1s, la cumbre pedir\u00e1 a la comunidad mundial que adopte un &#8220;nuevo paradigma de seguridad&#8221;.<\/p>\n<p style=\"text-align: justify;\"><strong><span style=\"color: #800000;\">fm\/ws<\/span><\/strong><\/p>\n","protected":false},"excerpt":{"rendered":"<p>Astan\u00e1, 3 jul (SANA)\u00a0 \u00a0La cumbre de la Organizaci\u00f3n de Cooperaci\u00f3n de Shangh\u00e1i (OCS) comenz\u00f3 hoy en la capital de Kazajist\u00e1n, con la presencia de la mayor\u00eda de los dirigentes de sus Estados miembros, entre ellos el presidente ruso, Vlad\u00edmir Putin. La OCS se cre\u00f3 el 15 de junio de 2001 en Shangh\u00e1i Y est\u00e1 &hellip;<\/p>\n","protected":false},"author":35,"featured_media":332995,"comment_status":"closed","ping_status":"closed","sticky":false,"template":"","format":"standard","meta":{"footnotes":""},"categories":[597,456,16687,7541],"tags":[],"class_list":["post-332994","post","type-post","status-publish","format-standard","has-post-thumbnail","","category-cinta-de-noticias","category-arabe-internacional-politica","category-internacionales","category-ultimas-noticias"],"_links":{"self":[{"href":"https:\/\/archive.sana.sy\/es\/index.php?rest_route=\/wp\/v2\/posts\/332994"}],"collection":[{"href":"https:\/\/archive.sana.sy\/es\/index.php?rest_route=\/wp\/v2\/posts"}],"about":[{"href":"https:\/\/archive.sana.sy\/es\/index.php?rest_route=\/wp\/v2\/types\/post"}],"author":[{"embeddable":true,"href":"https:\/\/archive.sana.sy\/es\/index.php?rest_route=\/wp\/v2\/users\/35"}],"replies":[{"embeddable":true,"href":"https:\/\/archive.sana.sy\/es\/index.php?rest_route=%2Fwp%2Fv2%2Fcomments&post=332994"}],"version-history":[{"count":3,"href":"https:\/\/archive.sana.sy\/es\/index.php?rest_route=\/wp\/v2\/posts\/332994\/revisions"}],"predecessor-version":[{"id":332999,"href":"https:\/\/archive.sana.sy\/es\/index.php?rest_route=\/wp\/v2\/posts\/332994\/revisions\/332999"}],"wp:featuredmedia":[{"embeddable":true,"href":"https:\/\/archive.sana.sy\/es\/index.php?rest_route=\/wp\/v2\/media\/332995"}],"wp:attachment":[{"href":"https:\/\/archive.sana.sy\/es\/index.php?rest_route=%2Fwp%2Fv2%2Fmedia&parent=332994"}],"wp:term":[{"taxonomy":"category","embeddable":true,"href":"https:\/\/archive.sana.sy\/es\/index.php?rest_route=%2Fwp%2Fv2%2Fcategories&post=332994"},{"taxonomy":"post_tag","embeddable":true,"href":"https:\/\/archive.sana.sy\/es\/index.php?rest_route=%2Fwp%2Fv2%2Ftags&post=332994"}],"curies":[{"name":"wp","href":"https:\/\/api.w.org\/{rel}","templated":true}]}}