{"id":333001,"date":"2024-07-03T13:45:32","date_gmt":"2024-07-03T10:45:32","guid":{"rendered":"https:\/\/sana.sy\/es\/?p=333001"},"modified":"2024-07-03T17:00:34","modified_gmt":"2024-07-03T14:00:34","slug":"la-guerra-de-exterminio-israeli-en-gaza-entra-en-su-dia-271","status":"publish","type":"post","link":"https:\/\/archive.sana.sy\/es\/?p=333001","title":{"rendered":"La guerra de exterminio israel\u00ed en Gaza entra en su d\u00eda 271"},"content":{"rendered":"<p style=\"text-align: justify\"><span style=\"color: #800000\"><strong>Jerusal\u00e9n ocupada, 3 jul (SANA)<\/strong><\/span> Varios palestinos perdieron la vida hoy en bombardeos perpetrados por el ocupante israel\u00ed en la Franja de Gaza.<\/p>\n<p style=\"text-align: justify\">La agencia palestina Wafa inform\u00f3 que los aviones de combate bombardearon viviendas en el barrio de Shujaiya en la ciudad de Gaza, lo que provoc\u00f3 la muerte y heridas a varios palestinos.<\/p>\n<p style=\"text-align: justify\">Las ambulancias no pudieron llegar al lugar para trasladar las v\u00edctimas al hospital debido a los intensos disparos de los drones.<\/p>\n<p style=\"text-align: justify\">Asimismo, tres palestinos perecieron tras un ataque contra un autom\u00f3vil en el campamento de Al-Maghazi en el centro de la Franja de Gaza.<\/p>\n<p style=\"text-align: justify\">La artiller\u00eda del ocupante apunt\u00f3 tambi\u00e9n contra los barrios de Tal Al-Hawa y Al-Zaitoun en el sur de Gaza, mientras que los cazas bombardearon zonas en Al-Tuffah y Beit Lahia.<\/p>\n<p style=\"text-align: justify\">Por otro lado, los param\u00e9dicos recuperaron los cuerpos de 7 m\u00e1rtires de debajo de los escombros como resultado del ataque de un avi\u00f3n de ocupaci\u00f3n contra una casa en el barrio de Sheikh Radwan en el norte de Gaza.<\/p>\n<p style=\"text-align: justify\">El Ministerio de Salud palestino anunci\u00f3 que el n\u00famero de v\u00edctimas de la agresi\u00f3n en Gaza aument\u00f3 a 37.925 muertos y 87.141 heridos.<\/p>\n<p style=\"text-align: justify\">fm\/as<\/p>\n","protected":false},"excerpt":{"rendered":"<p>Jerusal\u00e9n ocupada, 3 jul (SANA) Varios palestinos perdieron la vida hoy en bombardeos perpetrados por el ocupante israel\u00ed en la Franja de Gaza. La agencia palestina Wafa inform\u00f3 que los aviones de combate bombardearon viviendas en el barrio de Shujaiya en la ciudad de Gaza, lo que provoc\u00f3 la muerte y heridas a varios palestinos. &hellip;<\/p>\n","protected":false},"author":42,"featured_media":333002,"comment_status":"closed","ping_status":"closed","sticky":false,"template":"","format":"standard","meta":{"footnotes":""},"categories":[597,456,16687,20724,7541],"tags":[],"class_list":["post-333001","post","type-post","status-publish","format-standard","has-post-thumbnail","","category-cinta-de-noticias","category-arabe-internacional-politica","category-internacionales","category-minuto-a-minuto","category-ultimas-noticias"],"_links":{"self":[{"href":"https:\/\/archive.sana.sy\/es\/index.php?rest_route=\/wp\/v2\/posts\/333001"}],"collection":[{"href":"https:\/\/archive.sana.sy\/es\/index.php?rest_route=\/wp\/v2\/posts"}],"about":[{"href":"https:\/\/archive.sana.sy\/es\/index.php?rest_route=\/wp\/v2\/types\/post"}],"author":[{"embeddable":true,"href":"https:\/\/archive.sana.sy\/es\/index.php?rest_route=\/wp\/v2\/users\/42"}],"replies":[{"embeddable":true,"href":"https:\/\/archive.sana.sy\/es\/index.php?rest_route=%2Fwp%2Fv2%2Fcomments&post=333001"}],"version-history":[{"count":2,"href":"https:\/\/archive.sana.sy\/es\/index.php?rest_route=\/wp\/v2\/posts\/333001\/revisions"}],"predecessor-version":[{"id":333026,"href":"https:\/\/archive.sana.sy\/es\/index.php?rest_route=\/wp\/v2\/posts\/333001\/revisions\/333026"}],"wp:featuredmedia":[{"embeddable":true,"href":"https:\/\/archive.sana.sy\/es\/index.php?rest_route=\/wp\/v2\/media\/333002"}],"wp:attachment":[{"href":"https:\/\/archive.sana.sy\/es\/index.php?rest_route=%2Fwp%2Fv2%2Fmedia&parent=333001"}],"wp:term":[{"taxonomy":"category","embeddable":true,"href":"https:\/\/archive.sana.sy\/es\/index.php?rest_route=%2Fwp%2Fv2%2Fcategories&post=333001"},{"taxonomy":"post_tag","embeddable":true,"href":"https:\/\/archive.sana.sy\/es\/index.php?rest_route=%2Fwp%2Fv2%2Ftags&post=333001"}],"curies":[{"name":"wp","href":"https:\/\/api.w.org\/{rel}","templated":true}]}}