{"id":333004,"date":"2024-07-03T13:50:30","date_gmt":"2024-07-03T10:50:30","guid":{"rendered":"https:\/\/sana.sy\/es\/?p=333004"},"modified":"2024-07-03T13:50:30","modified_gmt":"2024-07-03T10:50:30","slug":"ejercito-israeli-reconoce-la-lesion-de-24-de-sus-militares-durante-las-ultimas-horas","status":"publish","type":"post","link":"https:\/\/archive.sana.sy\/es\/?p=333004","title":{"rendered":"Ej\u00e9rcito israel\u00ed reconoce la lesi\u00f3n de 24 de sus militares durante las \u00faltimas horas"},"content":{"rendered":"<p style=\"text-align: justify;\"><span style=\"color: #800000;\"><strong>Jerusal\u00e9n ocupada, 3 jul (SANA)<\/strong> <\/span>El ej\u00e9rcito israel\u00ed reconoci\u00f3 hoy la lesi\u00f3n de 24 militares durante los combates con la resistencia palestina en la Franja de Gaza, en las \u00faltimas 24 horas.<\/p>\n<p style=\"text-align: justify;\">La v\u00edspera, el ej\u00e9rcito sionista admiti\u00f3 que dos soldados perdieron la vida y otros cinco resultaron heridos, uno de ellos en estado cr\u00edtico, durante un ataque contra el cuartel general del ej\u00e9rcito israel\u00ed en la zona de \u201cNetzarim\u201d en el centro de Gaza.<\/p>\n<p style=\"text-align: justify;\">A su vez, medios de prensa israel\u00edes informaron que un soldado del 52\u00ba Batall\u00f3n de la 401\u00aa Brigada result\u00f3 gravemente herido en otra batalla en el sur de Gaza.<\/p>\n<p style=\"text-align: justify;\">fm\/as<\/p>\n","protected":false},"excerpt":{"rendered":"<p>Jerusal\u00e9n ocupada, 3 jul (SANA) El ej\u00e9rcito israel\u00ed reconoci\u00f3 hoy la lesi\u00f3n de 24 militares durante los combates con la resistencia palestina en la Franja de Gaza, en las \u00faltimas 24 horas. La v\u00edspera, el ej\u00e9rcito sionista admiti\u00f3 que dos soldados perdieron la vida y otros cinco resultaron heridos, uno de ellos en estado cr\u00edtico, &hellip;<\/p>\n","protected":false},"author":42,"featured_media":333005,"comment_status":"closed","ping_status":"closed","sticky":false,"template":"","format":"standard","meta":{"footnotes":""},"categories":[597,456,16687,20724,7541],"tags":[],"class_list":["post-333004","post","type-post","status-publish","format-standard","has-post-thumbnail","","category-cinta-de-noticias","category-arabe-internacional-politica","category-internacionales","category-minuto-a-minuto","category-ultimas-noticias"],"_links":{"self":[{"href":"https:\/\/archive.sana.sy\/es\/index.php?rest_route=\/wp\/v2\/posts\/333004"}],"collection":[{"href":"https:\/\/archive.sana.sy\/es\/index.php?rest_route=\/wp\/v2\/posts"}],"about":[{"href":"https:\/\/archive.sana.sy\/es\/index.php?rest_route=\/wp\/v2\/types\/post"}],"author":[{"embeddable":true,"href":"https:\/\/archive.sana.sy\/es\/index.php?rest_route=\/wp\/v2\/users\/42"}],"replies":[{"embeddable":true,"href":"https:\/\/archive.sana.sy\/es\/index.php?rest_route=%2Fwp%2Fv2%2Fcomments&post=333004"}],"version-history":[{"count":1,"href":"https:\/\/archive.sana.sy\/es\/index.php?rest_route=\/wp\/v2\/posts\/333004\/revisions"}],"predecessor-version":[{"id":333006,"href":"https:\/\/archive.sana.sy\/es\/index.php?rest_route=\/wp\/v2\/posts\/333004\/revisions\/333006"}],"wp:featuredmedia":[{"embeddable":true,"href":"https:\/\/archive.sana.sy\/es\/index.php?rest_route=\/wp\/v2\/media\/333005"}],"wp:attachment":[{"href":"https:\/\/archive.sana.sy\/es\/index.php?rest_route=%2Fwp%2Fv2%2Fmedia&parent=333004"}],"wp:term":[{"taxonomy":"category","embeddable":true,"href":"https:\/\/archive.sana.sy\/es\/index.php?rest_route=%2Fwp%2Fv2%2Fcategories&post=333004"},{"taxonomy":"post_tag","embeddable":true,"href":"https:\/\/archive.sana.sy\/es\/index.php?rest_route=%2Fwp%2Fv2%2Ftags&post=333004"}],"curies":[{"name":"wp","href":"https:\/\/api.w.org\/{rel}","templated":true}]}}