{"id":333069,"date":"2024-07-04T10:05:15","date_gmt":"2024-07-04T07:05:15","guid":{"rendered":"https:\/\/sana.sy\/es\/?p=333069"},"modified":"2024-07-04T10:07:31","modified_gmt":"2024-07-04T07:07:31","slug":"avanzan-obras-de-restauracion-del-anfiteatro-romano-en-deraa-fotos","status":"publish","type":"post","link":"https:\/\/archive.sana.sy\/es\/?p=333069","title":{"rendered":"Avanzan obras de restauraci\u00f3n del Anfiteatro Romano en Deraa (+ fotos)"},"content":{"rendered":"<p style=\"text-align: justify;\"><span style=\"color: #800000;\"><strong>Deraa, 4 jul (SANA)<\/strong><\/span>\u00a0 El Departamento de Antig\u00fcedades de la provincia sure\u00f1a de Deraa inici\u00f3 la segunda fase de las obras de la restauraci\u00f3n del Anfiteatro Romano ubicado en el barrio de Deraa Al-Balad en la cabecera provincia.<\/p>\n<p style=\"text-align: justify;\"><img loading=\"lazy\" decoding=\"async\" class=\"size-medium wp-image-333071 alignright\" src=\"http:\/\/sana.sy\/es\/wp-content\/uploads\/2024\/07\/IMG-20240701-WA0028-169x300.jpg\" alt=\"\" width=\"169\" height=\"300\" srcset=\"https:\/\/archive.sana.sy\/es\/wp-content\/uploads\/2024\/07\/IMG-20240701-WA0028-169x300.jpg 169w, https:\/\/archive.sana.sy\/es\/wp-content\/uploads\/2024\/07\/IMG-20240701-WA0028-577x1024.jpg 577w, https:\/\/archive.sana.sy\/es\/wp-content\/uploads\/2024\/07\/IMG-20240701-WA0028-84x150.jpg 84w, https:\/\/archive.sana.sy\/es\/wp-content\/uploads\/2024\/07\/IMG-20240701-WA0028.jpg 660w\" sizes=\"(max-width: 169px) 100vw, 169px\" \/>El jefe del referido Departamento, Muhammad Khair Nasrallah, explic\u00f3 que los trabajos mostraron un notorio avance, donde actualmente las labores se concentran en el reforzamiento estructural del p\u00f3rtico oriental de este monumento arquitect\u00f3nico por un valor total de 760 millones de libras sirias.<\/p>\n<p style=\"text-align: justify;\">La zona del anfiteatro romano incluye adem\u00e1s la calle romana, el templo, la iglesia y diversas partes arquitect\u00f3nicas resultantes de los trabajos de excavaci\u00f3n, y el costo de todas las obras de restauraci\u00f3n ascender\u00e1 a alrededor de mil millones de libras sirias.<\/p>\n<p style=\"text-align: justify;\">Como primera etapa se elaboraron planos del estado actual de la zona, y luego el teatro ser\u00e1 sometido a trabajos de excavaci\u00f3n bajo la supervisi\u00f3n del jefe de la divisi\u00f3n de excavaciones en el Departamento, agreg\u00f3 Khair Nasrallah.<\/p>\n<div id='gallery-1' class='gallery galleryid-333069 gallery-columns-1 gallery-size-full'><figure class='gallery-item'>\n\t\t\t<div class='gallery-icon portrait'>\n\t\t\t\t<a href='https:\/\/archive.sana.sy\/es\/wp-content\/uploads\/2024\/07\/IMG-20240701-WA0033-scaled.jpg'><img loading=\"lazy\" decoding=\"async\" width=\"1496\" height=\"2560\" src=\"https:\/\/archive.sana.sy\/es\/wp-content\/uploads\/2024\/07\/IMG-20240701-WA0033-scaled.jpg\" class=\"attachment-full size-full\" alt=\"\" srcset=\"https:\/\/archive.sana.sy\/es\/wp-content\/uploads\/2024\/07\/IMG-20240701-WA0033-scaled.jpg 1496w, https:\/\/archive.sana.sy\/es\/wp-content\/uploads\/2024\/07\/IMG-20240701-WA0033-175x300.jpg 175w, https:\/\/archive.sana.sy\/es\/wp-content\/uploads\/2024\/07\/IMG-20240701-WA0033-599x1024.jpg 599w, https:\/\/archive.sana.sy\/es\/wp-content\/uploads\/2024\/07\/IMG-20240701-WA0033-88x150.jpg 88w, https:\/\/archive.sana.sy\/es\/wp-content\/uploads\/2024\/07\/IMG-20240701-WA0033-768x1314.jpg 768w, https:\/\/archive.sana.sy\/es\/wp-content\/uploads\/2024\/07\/IMG-20240701-WA0033-898x1536.jpg 898w, https:\/\/archive.sana.sy\/es\/wp-content\/uploads\/2024\/07\/IMG-20240701-WA0033-1197x2048.jpg 1197w\" sizes=\"(max-width: 1496px) 100vw, 1496px\" \/><\/a>\n\t\t\t<\/div><\/figure><figure class='gallery-item'>\n\t\t\t<div class='gallery-icon landscape'>\n\t\t\t\t<a href='https:\/\/archive.sana.sy\/es\/wp-content\/uploads\/2024\/07\/IMG-20240701-WA0034-1-scaled.jpg'><img loading=\"lazy\" decoding=\"async\" width=\"2560\" height=\"1441\" src=\"https:\/\/archive.sana.sy\/es\/wp-content\/uploads\/2024\/07\/IMG-20240701-WA0034-1-scaled.jpg\" class=\"attachment-full size-full\" alt=\"\" srcset=\"https:\/\/archive.sana.sy\/es\/wp-content\/uploads\/2024\/07\/IMG-20240701-WA0034-1-scaled.jpg 2560w, https:\/\/archive.sana.sy\/es\/wp-content\/uploads\/2024\/07\/IMG-20240701-WA0034-1-300x169.jpg 300w, https:\/\/archive.sana.sy\/es\/wp-content\/uploads\/2024\/07\/IMG-20240701-WA0034-1-1024x577.jpg 1024w, https:\/\/archive.sana.sy\/es\/wp-content\/uploads\/2024\/07\/IMG-20240701-WA0034-1-150x84.jpg 150w, https:\/\/archive.sana.sy\/es\/wp-content\/uploads\/2024\/07\/IMG-20240701-WA0034-1-768x432.jpg 768w, https:\/\/archive.sana.sy\/es\/wp-content\/uploads\/2024\/07\/IMG-20240701-WA0034-1-1536x865.jpg 1536w, https:\/\/archive.sana.sy\/es\/wp-content\/uploads\/2024\/07\/IMG-20240701-WA0034-1-2048x1153.jpg 2048w\" sizes=\"(max-width: 2560px) 100vw, 2560px\" \/><\/a>\n\t\t\t<\/div><\/figure>\n\t\t<\/div>\n\n<p style=\"text-align: justify;\"><span style=\"color: #800000;\"><strong>ws\/fm<\/strong><\/span><\/p>\n","protected":false},"excerpt":{"rendered":"<p>Deraa, 4 jul (SANA)\u00a0 El Departamento de Antig\u00fcedades de la provincia sure\u00f1a de Deraa inici\u00f3 la segunda fase de las obras de la restauraci\u00f3n del Anfiteatro Romano ubicado en el barrio de Deraa Al-Balad en la cabecera provincia. El jefe del referido Departamento, Muhammad Khair Nasrallah, explic\u00f3 que los trabajos mostraron un notorio avance, donde &hellip;<\/p>\n","protected":false},"author":35,"featured_media":333070,"comment_status":"closed","ping_status":"closed","sticky":false,"template":"","format":"standard","meta":{"footnotes":""},"categories":[597,16686,483,485,20724,476,7541],"tags":[],"class_list":["post-333069","post","type-post","status-publish","format-standard","has-post-thumbnail","","category-cinta-de-noticias","category-economia","category-negocios-y-finanzas","category-informes-negocios-y-finanzas","category-minuto-a-minuto","category-locales","category-ultimas-noticias"],"_links":{"self":[{"href":"https:\/\/archive.sana.sy\/es\/index.php?rest_route=\/wp\/v2\/posts\/333069"}],"collection":[{"href":"https:\/\/archive.sana.sy\/es\/index.php?rest_route=\/wp\/v2\/posts"}],"about":[{"href":"https:\/\/archive.sana.sy\/es\/index.php?rest_route=\/wp\/v2\/types\/post"}],"author":[{"embeddable":true,"href":"https:\/\/archive.sana.sy\/es\/index.php?rest_route=\/wp\/v2\/users\/35"}],"replies":[{"embeddable":true,"href":"https:\/\/archive.sana.sy\/es\/index.php?rest_route=%2Fwp%2Fv2%2Fcomments&post=333069"}],"version-history":[{"count":5,"href":"https:\/\/archive.sana.sy\/es\/index.php?rest_route=\/wp\/v2\/posts\/333069\/revisions"}],"predecessor-version":[{"id":333079,"href":"https:\/\/archive.sana.sy\/es\/index.php?rest_route=\/wp\/v2\/posts\/333069\/revisions\/333079"}],"wp:featuredmedia":[{"embeddable":true,"href":"https:\/\/archive.sana.sy\/es\/index.php?rest_route=\/wp\/v2\/media\/333070"}],"wp:attachment":[{"href":"https:\/\/archive.sana.sy\/es\/index.php?rest_route=%2Fwp%2Fv2%2Fmedia&parent=333069"}],"wp:term":[{"taxonomy":"category","embeddable":true,"href":"https:\/\/archive.sana.sy\/es\/index.php?rest_route=%2Fwp%2Fv2%2Fcategories&post=333069"},{"taxonomy":"post_tag","embeddable":true,"href":"https:\/\/archive.sana.sy\/es\/index.php?rest_route=%2Fwp%2Fv2%2Ftags&post=333069"}],"curies":[{"name":"wp","href":"https:\/\/api.w.org\/{rel}","templated":true}]}}