{"id":333090,"date":"2024-07-04T18:25:00","date_gmt":"2024-07-04T15:25:00","guid":{"rendered":"https:\/\/sana.sy\/es\/?p=333090"},"modified":"2024-07-04T18:28:28","modified_gmt":"2024-07-04T15:28:28","slug":"en-el-dia-272-de-su-brutal-agresion-contra-gaza-israel-asesina-e-hiere-a-cientos-de-palestinos","status":"publish","type":"post","link":"https:\/\/archive.sana.sy\/es\/?p=333090","title":{"rendered":"En el d\u00eda 272 de su brutal agresi\u00f3n contra Gaza, \u201cIsrael\u201d asesina e hiere a cientos de palestinos"},"content":{"rendered":"<p style=\"text-align: justify;\"><span style=\"color: #800000;\"><strong>Jerusal\u00e9n ocupada, 04 jul (SANA)<\/strong>\u00a0<\/span>El Ministerio de Salud palestino anunci\u00f3 que durante las \u00faltimas 24 horas, el ej\u00e9rcito de ocupaci\u00f3n israel\u00ed cometi\u00f3 4 masacres en la Franja de Gaza, asesinando a 58 palestinos e hiriendo a 179.<\/p>\n<p style=\"text-align: justify;\">La referida entidad explic\u00f3 hoy en un comunicado que el n\u00famero de v\u00edctimas de la actual agresi\u00f3n israel\u00ed a la Franja de Gaza, desde el 7 de octubre pasado, ha ascendido a 38.011 muertos y 87.445 heridos.<\/p>\n<p style=\"text-align: justify;\">Agreg\u00f3 que numerosas v\u00edctimas a\u00fan se encuentran bajo los escombros y en las carreteras, y los equipos de rescate y las no pueden llegar hasta ellas.<\/p>\n<p style=\"text-align: justify;\">Asimismo, advirti\u00f3 que los generadores de electricidad se detendr\u00edan en unas pocas horas en el Complejo M\u00e9dico, Nasser, que es el \u00fanico que queda y brinda servicio a pacientes en Khan Yunis y Rafah, en el sur de la Franja de Gaza.<\/p>\n<p style=\"text-align: justify;\">sm<\/p>\n","protected":false},"excerpt":{"rendered":"<p>Jerusal\u00e9n ocupada, 04 jul (SANA)\u00a0El Ministerio de Salud palestino anunci\u00f3 que durante las \u00faltimas 24 horas, el ej\u00e9rcito de ocupaci\u00f3n israel\u00ed cometi\u00f3 4 masacres en la Franja de Gaza, asesinando a 58 palestinos e hiriendo a 179. La referida entidad explic\u00f3 hoy en un comunicado que el n\u00famero de v\u00edctimas de la actual agresi\u00f3n israel\u00ed &hellip;<\/p>\n","protected":false},"author":39,"featured_media":333091,"comment_status":"closed","ping_status":"closed","sticky":false,"template":"","format":"standard","meta":{"footnotes":""},"categories":[597,456,16687,20724,583],"tags":[],"class_list":["post-333090","post","type-post","status-publish","format-standard","has-post-thumbnail","","category-cinta-de-noticias","category-arabe-internacional-politica","category-internacionales","category-minuto-a-minuto","category-slide"],"_links":{"self":[{"href":"https:\/\/archive.sana.sy\/es\/index.php?rest_route=\/wp\/v2\/posts\/333090"}],"collection":[{"href":"https:\/\/archive.sana.sy\/es\/index.php?rest_route=\/wp\/v2\/posts"}],"about":[{"href":"https:\/\/archive.sana.sy\/es\/index.php?rest_route=\/wp\/v2\/types\/post"}],"author":[{"embeddable":true,"href":"https:\/\/archive.sana.sy\/es\/index.php?rest_route=\/wp\/v2\/users\/39"}],"replies":[{"embeddable":true,"href":"https:\/\/archive.sana.sy\/es\/index.php?rest_route=%2Fwp%2Fv2%2Fcomments&post=333090"}],"version-history":[{"count":1,"href":"https:\/\/archive.sana.sy\/es\/index.php?rest_route=\/wp\/v2\/posts\/333090\/revisions"}],"predecessor-version":[{"id":333092,"href":"https:\/\/archive.sana.sy\/es\/index.php?rest_route=\/wp\/v2\/posts\/333090\/revisions\/333092"}],"wp:featuredmedia":[{"embeddable":true,"href":"https:\/\/archive.sana.sy\/es\/index.php?rest_route=\/wp\/v2\/media\/333091"}],"wp:attachment":[{"href":"https:\/\/archive.sana.sy\/es\/index.php?rest_route=%2Fwp%2Fv2%2Fmedia&parent=333090"}],"wp:term":[{"taxonomy":"category","embeddable":true,"href":"https:\/\/archive.sana.sy\/es\/index.php?rest_route=%2Fwp%2Fv2%2Fcategories&post=333090"},{"taxonomy":"post_tag","embeddable":true,"href":"https:\/\/archive.sana.sy\/es\/index.php?rest_route=%2Fwp%2Fv2%2Ftags&post=333090"}],"curies":[{"name":"wp","href":"https:\/\/api.w.org\/{rel}","templated":true}]}}