{"id":333108,"date":"2024-07-04T18:25:20","date_gmt":"2024-07-04T15:25:20","guid":{"rendered":"https:\/\/sana.sy\/es\/?p=333108"},"modified":"2024-07-04T18:38:25","modified_gmt":"2024-07-04T15:38:25","slug":"siria-aprecia-el-reconocimiento-por-parte-de-armenia-del-estado-de-palestina","status":"publish","type":"post","link":"https:\/\/archive.sana.sy\/es\/?p=333108","title":{"rendered":"Siria aprecia el reconocimiento por parte de Armenia del Estado de Palestina"},"content":{"rendered":"<p style=\"text-align: justify;\"><span style=\"color: #800000;\"><strong>Damasco 04 de Jul (SANA)<\/strong><\/span> Siria apreci\u00f3 mucho el reconocimiento por parte de Armenia del Estado de Palestina y destac\u00f3 que tal decisi\u00f3n contribuye a restaurar los derechos leg\u00edtimos del pueblo palestino.<\/p>\n<p style=\"text-align: justify;\">El Ministerio de Asuntos Exteriores y Expatriados de Siria anunci\u00f3 en una declaraci\u00f3n que Damasco aprecia mucho el reconocimiento del Estado de Palestina por parte de la Rep\u00fablica de Armenia.<\/p>\n<p style=\"text-align: justify;\">Afirm\u00f3 que esta valiente decisi\u00f3n contribuye a restaurar los derechos leg\u00edtimos del pueblo \u00e1rabe palestino y lo respalda para lograr sus aspiraciones leg\u00edtimas de establecer su estado independiente con Jerusal\u00e9n como su capital.<\/p>\n<p style=\"text-align: justify;\">Agreg\u00f3 que Siria insta a la comunidad internacional que adopte medidas urgentes para poner fin a la ocupaci\u00f3n israel\u00ed y permitir que el pueblo palestino alcance sus derechos inalienables.<\/p>\n<p style=\"text-align: justify;\">as\/sm<\/p>\n","protected":false},"excerpt":{"rendered":"<p>Damasco 04 de Jul (SANA) Siria apreci\u00f3 mucho el reconocimiento por parte de Armenia del Estado de Palestina y destac\u00f3 que tal decisi\u00f3n contribuye a restaurar los derechos leg\u00edtimos del pueblo palestino. El Ministerio de Asuntos Exteriores y Expatriados de Siria anunci\u00f3 en una declaraci\u00f3n que Damasco aprecia mucho el reconocimiento del Estado de Palestina &hellip;<\/p>\n","protected":false},"author":39,"featured_media":333109,"comment_status":"closed","ping_status":"closed","sticky":false,"template":"","format":"standard","meta":{"footnotes":""},"categories":[597,456,467,583],"tags":[],"class_list":["post-333108","post","type-post","status-publish","format-standard","has-post-thumbnail","","category-cinta-de-noticias","category-arabe-internacional-politica","category-siria-y-el-mundo","category-slide"],"_links":{"self":[{"href":"https:\/\/archive.sana.sy\/es\/index.php?rest_route=\/wp\/v2\/posts\/333108"}],"collection":[{"href":"https:\/\/archive.sana.sy\/es\/index.php?rest_route=\/wp\/v2\/posts"}],"about":[{"href":"https:\/\/archive.sana.sy\/es\/index.php?rest_route=\/wp\/v2\/types\/post"}],"author":[{"embeddable":true,"href":"https:\/\/archive.sana.sy\/es\/index.php?rest_route=\/wp\/v2\/users\/39"}],"replies":[{"embeddable":true,"href":"https:\/\/archive.sana.sy\/es\/index.php?rest_route=%2Fwp%2Fv2%2Fcomments&post=333108"}],"version-history":[{"count":1,"href":"https:\/\/archive.sana.sy\/es\/index.php?rest_route=\/wp\/v2\/posts\/333108\/revisions"}],"predecessor-version":[{"id":333110,"href":"https:\/\/archive.sana.sy\/es\/index.php?rest_route=\/wp\/v2\/posts\/333108\/revisions\/333110"}],"wp:featuredmedia":[{"embeddable":true,"href":"https:\/\/archive.sana.sy\/es\/index.php?rest_route=\/wp\/v2\/media\/333109"}],"wp:attachment":[{"href":"https:\/\/archive.sana.sy\/es\/index.php?rest_route=%2Fwp%2Fv2%2Fmedia&parent=333108"}],"wp:term":[{"taxonomy":"category","embeddable":true,"href":"https:\/\/archive.sana.sy\/es\/index.php?rest_route=%2Fwp%2Fv2%2Fcategories&post=333108"},{"taxonomy":"post_tag","embeddable":true,"href":"https:\/\/archive.sana.sy\/es\/index.php?rest_route=%2Fwp%2Fv2%2Ftags&post=333108"}],"curies":[{"name":"wp","href":"https:\/\/api.w.org\/{rel}","templated":true}]}}