{"id":333112,"date":"2024-07-04T19:46:17","date_gmt":"2024-07-04T16:46:17","guid":{"rendered":"https:\/\/sana.sy\/es\/?p=333112"},"modified":"2024-07-04T20:11:37","modified_gmt":"2024-07-04T17:11:37","slug":"se-reanudan-vuelos-regulares-entre-siria-y-arabia-saudita","status":"publish","type":"post","link":"https:\/\/archive.sana.sy\/es\/?p=333112","title":{"rendered":"Aviaci\u00f3n Civil de Siria reanuda sus vuelos regulares a Arabia Saudita"},"content":{"rendered":"<p style=\"text-align: justify;\"><span style=\"color: #800000;\"><strong>Damasco, 04 jul (SANA)\u00a0 <\/strong><\/span>La Compa\u00f1\u00eda Siria de Aviaci\u00f3n Civil (Syrian Airlines), anunci\u00f3 la reanudaci\u00f3n de sus vuelos regulares a Arabia Saudita, (Damasco-Riad-Damasco), a partir del pr\u00f3ximo mi\u00e9rcoles, 10 de julio.<\/p>\n<p style=\"text-align: justify;\">En declaraciones a SANA, el director general de la referida entidad, Hatem Kabas, explic\u00f3 que se operar\u00e1 un vuelo regular cada mi\u00e9rcoles de cada semana desde el Aeropuerto Internacional de Damasco al Aeropuerto de Riad.<\/p>\n<p style=\"text-align: justify;\">Se\u00f1al\u00f3\u00a0 que el n\u00famero de vuelos se incrementar\u00e1 tan pronto, e indic\u00f3 que se completar\u00e1n los trabajos para organizar un segundo viaje cada domingo.<\/p>\n<p style=\"text-align: justify;\">El titular detall\u00f3 que con el aumento de la demanda de viajes, el regreso del trabajo en la Embajada de Arabia Saudita en Damasco y la reanudaci\u00f3n de la concesi\u00f3n de visas, los vuelos al aeropuerto de Jeddah comenzar\u00e1n a programarse de manera que satisfagan las necesidades de quienes deseen viajar, ya sea para realizar rituales religiosos o para ciudadanos residentes.<\/p>\n<p style=\"text-align: justify;\">Asimismo elogi\u00f3 los esfuerzos realizados este a\u00f1o para que los sirios pudieran viajar desde su pa\u00eds a Arabia Saudita para efectuar la peregrinaci\u00f3n (Hajj), tras 13 a\u00f1os de interrupci\u00f3n.<\/p>\n<p style=\"text-align: justify;\">sm<\/p>\n","protected":false},"excerpt":{"rendered":"<p>Damasco, 04 jul (SANA)\u00a0 La Compa\u00f1\u00eda Siria de Aviaci\u00f3n Civil (Syrian Airlines), anunci\u00f3 la reanudaci\u00f3n de sus vuelos regulares a Arabia Saudita, (Damasco-Riad-Damasco), a partir del pr\u00f3ximo mi\u00e9rcoles, 10 de julio. En declaraciones a SANA, el director general de la referida entidad, Hatem Kabas, explic\u00f3 que se operar\u00e1 un vuelo regular cada mi\u00e9rcoles de cada &hellip;<\/p>\n","protected":false},"author":39,"featured_media":333113,"comment_status":"closed","ping_status":"closed","sticky":false,"template":"","format":"standard","meta":{"footnotes":""},"categories":[597,456,16687,20724,467,7541],"tags":[],"class_list":["post-333112","post","type-post","status-publish","format-standard","has-post-thumbnail","","category-cinta-de-noticias","category-arabe-internacional-politica","category-internacionales","category-minuto-a-minuto","category-siria-y-el-mundo","category-ultimas-noticias"],"_links":{"self":[{"href":"https:\/\/archive.sana.sy\/es\/index.php?rest_route=\/wp\/v2\/posts\/333112"}],"collection":[{"href":"https:\/\/archive.sana.sy\/es\/index.php?rest_route=\/wp\/v2\/posts"}],"about":[{"href":"https:\/\/archive.sana.sy\/es\/index.php?rest_route=\/wp\/v2\/types\/post"}],"author":[{"embeddable":true,"href":"https:\/\/archive.sana.sy\/es\/index.php?rest_route=\/wp\/v2\/users\/39"}],"replies":[{"embeddable":true,"href":"https:\/\/archive.sana.sy\/es\/index.php?rest_route=%2Fwp%2Fv2%2Fcomments&post=333112"}],"version-history":[{"count":2,"href":"https:\/\/archive.sana.sy\/es\/index.php?rest_route=\/wp\/v2\/posts\/333112\/revisions"}],"predecessor-version":[{"id":333115,"href":"https:\/\/archive.sana.sy\/es\/index.php?rest_route=\/wp\/v2\/posts\/333112\/revisions\/333115"}],"wp:featuredmedia":[{"embeddable":true,"href":"https:\/\/archive.sana.sy\/es\/index.php?rest_route=\/wp\/v2\/media\/333113"}],"wp:attachment":[{"href":"https:\/\/archive.sana.sy\/es\/index.php?rest_route=%2Fwp%2Fv2%2Fmedia&parent=333112"}],"wp:term":[{"taxonomy":"category","embeddable":true,"href":"https:\/\/archive.sana.sy\/es\/index.php?rest_route=%2Fwp%2Fv2%2Fcategories&post=333112"},{"taxonomy":"post_tag","embeddable":true,"href":"https:\/\/archive.sana.sy\/es\/index.php?rest_route=%2Fwp%2Fv2%2Ftags&post=333112"}],"curies":[{"name":"wp","href":"https:\/\/api.w.org\/{rel}","templated":true}]}}