{"id":333116,"date":"2024-07-04T20:31:32","date_gmt":"2024-07-04T17:31:32","guid":{"rendered":"https:\/\/sana.sy\/es\/?p=333116"},"modified":"2024-07-04T20:35:35","modified_gmt":"2024-07-04T17:35:35","slug":"liga-arabe-condena-ataques-israelies-contra-siria","status":"publish","type":"post","link":"https:\/\/archive.sana.sy\/es\/?p=333116","title":{"rendered":"Liga \u00c1rabe condena ataques israel\u00edes contra Siria"},"content":{"rendered":"<p style=\"text-align: justify;\"><span style=\"color: #800000;\"><strong>El Cairo, 04 jul (SANA)\u00a0<\/strong><\/span> El Consejo de la Liga \u00c1rabe conden\u00f3 los repetidos ataques israel\u00edes contra territorio sirio, e inst\u00f3 al Consejo de Seguridad de la ONU que los frene y detenga el crimen de genocidio contra el pueblo palestino en la Franja de Gaza, advirtiendo que estas pr\u00e1cticas agresivas podr\u00edan conllevar a peligrosa escalada regional.<\/p>\n<p style=\"text-align: justify;\">La referida junta indic\u00f3 en una resoluci\u00f3n, al concluir su sesi\u00f3n extraordinaria celebrada hoy en El Cairo a nivel de delegados, que los ataques israel\u00edes contra Siria representan una violaci\u00f3n flagrante de su soberan\u00eda e integridad territorial y una violaci\u00f3n del derecho internacional y del Acuerdo de Separaci\u00f3n.<\/p>\n<p style=\"text-align: justify;\">Asimismo, reiter\u00f3 su apoyo a Siria en el ejercicio de su derecho a defender su territorio y su pueblo.<\/p>\n<p style=\"text-align: justify;\">Adem\u00e1s, la asamblea solicit\u00f3 al Consejo de Seguridad de la ONU que asuma sus responsabilidades y trabaje para frenar estos ataques y poner fin a la ocupaci\u00f3n israel\u00ed del Gol\u00e1n sirio ocupado hasta la l\u00ednea del 4 de junio de 1967, en implementaci\u00f3n de sus resoluciones pertinentes, incluidas las Resoluciones 242, 338 y 497.<\/p>\n<p style=\"text-align: justify;\">De la misma manera, el Consejo conden\u00f3 la continua y brutal agresi\u00f3n israel\u00ed a Gaza, as\u00ed como los ataques israel\u00edes contra el L\u00edbano, y enfatiz\u00f3 la necesidad de ejercer presi\u00f3n internacional para impedir que \u201cIsrael\u201d siga con sus masacres y violaciones contra los pueblos de la regi\u00f3n.<\/p>\n<p style=\"text-align: justify;\">sm<\/p>\n","protected":false},"excerpt":{"rendered":"<p>El Cairo, 04 jul (SANA)\u00a0 El Consejo de la Liga \u00c1rabe conden\u00f3 los repetidos ataques israel\u00edes contra territorio sirio, e inst\u00f3 al Consejo de Seguridad de la ONU que los frene y detenga el crimen de genocidio contra el pueblo palestino en la Franja de Gaza, advirtiendo que estas pr\u00e1cticas agresivas podr\u00edan conllevar a peligrosa &hellip;<\/p>\n","protected":false},"author":39,"featured_media":333117,"comment_status":"closed","ping_status":"closed","sticky":false,"template":"","format":"standard","meta":{"footnotes":""},"categories":[597,456,16687,20724,467,583],"tags":[],"class_list":["post-333116","post","type-post","status-publish","format-standard","has-post-thumbnail","","category-cinta-de-noticias","category-arabe-internacional-politica","category-internacionales","category-minuto-a-minuto","category-siria-y-el-mundo","category-slide"],"_links":{"self":[{"href":"https:\/\/archive.sana.sy\/es\/index.php?rest_route=\/wp\/v2\/posts\/333116"}],"collection":[{"href":"https:\/\/archive.sana.sy\/es\/index.php?rest_route=\/wp\/v2\/posts"}],"about":[{"href":"https:\/\/archive.sana.sy\/es\/index.php?rest_route=\/wp\/v2\/types\/post"}],"author":[{"embeddable":true,"href":"https:\/\/archive.sana.sy\/es\/index.php?rest_route=\/wp\/v2\/users\/39"}],"replies":[{"embeddable":true,"href":"https:\/\/archive.sana.sy\/es\/index.php?rest_route=%2Fwp%2Fv2%2Fcomments&post=333116"}],"version-history":[{"count":7,"href":"https:\/\/archive.sana.sy\/es\/index.php?rest_route=\/wp\/v2\/posts\/333116\/revisions"}],"predecessor-version":[{"id":333124,"href":"https:\/\/archive.sana.sy\/es\/index.php?rest_route=\/wp\/v2\/posts\/333116\/revisions\/333124"}],"wp:featuredmedia":[{"embeddable":true,"href":"https:\/\/archive.sana.sy\/es\/index.php?rest_route=\/wp\/v2\/media\/333117"}],"wp:attachment":[{"href":"https:\/\/archive.sana.sy\/es\/index.php?rest_route=%2Fwp%2Fv2%2Fmedia&parent=333116"}],"wp:term":[{"taxonomy":"category","embeddable":true,"href":"https:\/\/archive.sana.sy\/es\/index.php?rest_route=%2Fwp%2Fv2%2Fcategories&post=333116"},{"taxonomy":"post_tag","embeddable":true,"href":"https:\/\/archive.sana.sy\/es\/index.php?rest_route=%2Fwp%2Fv2%2Ftags&post=333116"}],"curies":[{"name":"wp","href":"https:\/\/api.w.org\/{rel}","templated":true}]}}