{"id":333270,"date":"2024-07-07T13:12:05","date_gmt":"2024-07-07T10:12:05","guid":{"rendered":"https:\/\/sana.sy\/es\/?p=333270"},"modified":"2024-07-07T13:32:55","modified_gmt":"2024-07-07T10:32:55","slug":"organizacion-arabe-de-aviacion-civil-elige-a-siria-como-miembro-del-comite-de-seguridad-aerea","status":"publish","type":"post","link":"https:\/\/archive.sana.sy\/es\/?p=333270","title":{"rendered":"Organizaci\u00f3n \u00c1rabe de Aviaci\u00f3n Civil elige a Siria como miembro del Comit\u00e9 de Seguridad A\u00e9rea"},"content":{"rendered":"<p style=\"text-align: justify;\"><span style=\"color: #800000;\"><strong>Rabat, 7 jul (SANA)\u00a0<\/strong> <\/span>\u00a0La Organizaci\u00f3n \u00c1rabe de Aviaci\u00f3n Civil eligi\u00f3 a Siria como miembro del Comit\u00e9 de Seguridad A\u00e9rea (Seguridad de la Aviaci\u00f3n), al t\u00e9rmino de las reuniones de la Asamblea General de la Organizaci\u00f3n celebradas a nivel ministerial en Rabat, la capital marroqu\u00ed.<\/p>\n<p style=\"text-align: justify;\">El referido Comit\u00e9 es considerado uno de los organismos t\u00e9cnicos m\u00e1s importantes de la organizaci\u00f3n.<\/p>\n<p style=\"text-align: justify;\"><img loading=\"lazy\" decoding=\"async\" class=\"size-medium wp-image-333273 alignright\" src=\"http:\/\/sana.sy\/es\/wp-content\/uploads\/2024\/07\/photo_2024-07-07_13-06-53-2-300x167.jpg\" alt=\"\" width=\"300\" height=\"167\" srcset=\"https:\/\/archive.sana.sy\/es\/wp-content\/uploads\/2024\/07\/photo_2024-07-07_13-06-53-2-300x167.jpg 300w, https:\/\/archive.sana.sy\/es\/wp-content\/uploads\/2024\/07\/photo_2024-07-07_13-06-53-2-150x83.jpg 150w, https:\/\/archive.sana.sy\/es\/wp-content\/uploads\/2024\/07\/photo_2024-07-07_13-06-53-2-768x427.jpg 768w, https:\/\/archive.sana.sy\/es\/wp-content\/uploads\/2024\/07\/photo_2024-07-07_13-06-53-2.jpg 1024w\" sizes=\"(max-width: 300px) 100vw, 300px\" \/><br \/>\nTras 12 a\u00f1os de interrupci\u00f3n, Siria particip\u00f3 recientemente en las reuniones de la Asamblea General de la Organizaci\u00f3n \u00c1rabe de Aviaci\u00f3n Civil, celebradas en Rabat la capital marroqu\u00ed.<\/p>\n<p style=\"text-align: justify;\">En su intervenci\u00f3n, el viceministro sirio de Transporte, Moatasem Jumaa, inst\u00f3 a una acci\u00f3n \u00e1rabe conjunta y pidi\u00f3 a las aerol\u00edneas \u00e1rabes que vuelvan a utilizar el espacio a\u00e9reo sirio con fines de tr\u00e1nsito y aterrizaje en los aeropuertos nacionales.<\/p>\n<p style=\"text-align: justify;\">Mientras el director general de la Autoridad Siria de Aviaci\u00f3n Civil, Bassem Mansour, asegur\u00f3 que se ofrecer\u00e1 toda la cooperaci\u00f3n y las facilidades a las aerol\u00edneas \u00e1rabes que deseen regresar al espacio a\u00e9reo sirio.<\/p>\n<p style=\"text-align: justify;\">Arabia Saudita, Bahr\u00e9in, Iraq, Emiratos \u00c1rabes Unidos, L\u00edbano, Egipto, Jordania y Sud\u00e1n operan vuelos hacia y desde Siria, y hay vuelos de la aviaci\u00f3n civil siria entre Damasco y las capitales de Grecia, Rusia e Ir\u00e1n, explic\u00f3 Mansour.<\/p>\n<p style=\"text-align: justify;\">Asimismo, se anunci\u00f3 la reanudaci\u00f3n de los vuelos en el espacio a\u00e9reo de Siria tras 12 a\u00f1os de suspensi\u00f3n debido a la guerra en esta naci\u00f3n levantina.<\/p>\n<p style=\"text-align: justify;\"><span style=\"color: #800000;\"><strong>fm\/ws<\/strong><\/span><\/p>\n","protected":false},"excerpt":{"rendered":"<p>Rabat, 7 jul (SANA)\u00a0 \u00a0La Organizaci\u00f3n \u00c1rabe de Aviaci\u00f3n Civil eligi\u00f3 a Siria como miembro del Comit\u00e9 de Seguridad A\u00e9rea (Seguridad de la Aviaci\u00f3n), al t\u00e9rmino de las reuniones de la Asamblea General de la Organizaci\u00f3n celebradas a nivel ministerial en Rabat, la capital marroqu\u00ed. El referido Comit\u00e9 es considerado uno de los organismos t\u00e9cnicos &hellip;<\/p>\n","protected":false},"author":35,"featured_media":333271,"comment_status":"closed","ping_status":"closed","sticky":false,"template":"","format":"standard","meta":{"footnotes":""},"categories":[597,16686,483,485,20724,7541],"tags":[],"class_list":["post-333270","post","type-post","status-publish","format-standard","has-post-thumbnail","","category-cinta-de-noticias","category-economia","category-negocios-y-finanzas","category-informes-negocios-y-finanzas","category-minuto-a-minuto","category-ultimas-noticias"],"_links":{"self":[{"href":"https:\/\/archive.sana.sy\/es\/index.php?rest_route=\/wp\/v2\/posts\/333270"}],"collection":[{"href":"https:\/\/archive.sana.sy\/es\/index.php?rest_route=\/wp\/v2\/posts"}],"about":[{"href":"https:\/\/archive.sana.sy\/es\/index.php?rest_route=\/wp\/v2\/types\/post"}],"author":[{"embeddable":true,"href":"https:\/\/archive.sana.sy\/es\/index.php?rest_route=\/wp\/v2\/users\/35"}],"replies":[{"embeddable":true,"href":"https:\/\/archive.sana.sy\/es\/index.php?rest_route=%2Fwp%2Fv2%2Fcomments&post=333270"}],"version-history":[{"count":3,"href":"https:\/\/archive.sana.sy\/es\/index.php?rest_route=\/wp\/v2\/posts\/333270\/revisions"}],"predecessor-version":[{"id":333275,"href":"https:\/\/archive.sana.sy\/es\/index.php?rest_route=\/wp\/v2\/posts\/333270\/revisions\/333275"}],"wp:featuredmedia":[{"embeddable":true,"href":"https:\/\/archive.sana.sy\/es\/index.php?rest_route=\/wp\/v2\/media\/333271"}],"wp:attachment":[{"href":"https:\/\/archive.sana.sy\/es\/index.php?rest_route=%2Fwp%2Fv2%2Fmedia&parent=333270"}],"wp:term":[{"taxonomy":"category","embeddable":true,"href":"https:\/\/archive.sana.sy\/es\/index.php?rest_route=%2Fwp%2Fv2%2Fcategories&post=333270"},{"taxonomy":"post_tag","embeddable":true,"href":"https:\/\/archive.sana.sy\/es\/index.php?rest_route=%2Fwp%2Fv2%2Ftags&post=333270"}],"curies":[{"name":"wp","href":"https:\/\/api.w.org\/{rel}","templated":true}]}}