{"id":333287,"date":"2024-07-07T16:46:13","date_gmt":"2024-07-07T13:46:13","guid":{"rendered":"https:\/\/sana.sy\/es\/?p=333287"},"modified":"2024-07-07T16:46:13","modified_gmt":"2024-07-07T13:46:13","slug":"cuba-desarticula-plan-terrorista-tramado-desde-eeuu","status":"publish","type":"post","link":"https:\/\/archive.sana.sy\/es\/?p=333287","title":{"rendered":"Cuba desarticula plan terrorista tramado desde EEUU"},"content":{"rendered":"<p style=\"text-align: justify;\"><span style=\"color: #800000;\"><strong>La Habana, 7 jul (SANA)<\/strong><\/span> Las Fuerzas del Ministerio del Interior de Cuba (Minint) anunciaron hoy la desarticulaci\u00f3n de un plan terrorista contra la isla, organizado y financiado desde los Estados Unidos.<\/p>\n<p style=\"text-align: justify;\">El Ministerio inform\u00f3 a trav\u00e9s de una nota publicada en el diario Granma que como resultado de la investigaci\u00f3n llevada a cabo por los \u00f3rganos especializados del Minint, se detuvo al ciudadano Ardenys Garc\u00eda \u00c1lvarez, quien penetr\u00f3 ilegalmente e ingres\u00f3 a Cuba armas de fuego y municiones por v\u00eda mar\u00edtima, as\u00ed como a otros implicados residentes en el territorio nacional.<\/p>\n<p style=\"text-align: justify;\">La acci\u00f3n era parte de un nuevo plan de reclutamiento para ejecutar acciones violentas, se\u00f1al\u00f3 la nota del Minint, que record\u00f3 que en diciembre del 2023 el Gobierno cubano public\u00f3 en la Gaceta Oficial de la Rep\u00fablica la lista de personas y entidades que patrocinan el terrorismo contra Cuba.<\/p>\n<p style=\"text-align: justify;\">fm\/as<\/p>\n","protected":false},"excerpt":{"rendered":"<p>La Habana, 7 jul (SANA) Las Fuerzas del Ministerio del Interior de Cuba (Minint) anunciaron hoy la desarticulaci\u00f3n de un plan terrorista contra la isla, organizado y financiado desde los Estados Unidos. El Ministerio inform\u00f3 a trav\u00e9s de una nota publicada en el diario Granma que como resultado de la investigaci\u00f3n llevada a cabo por &hellip;<\/p>\n","protected":false},"author":42,"featured_media":333288,"comment_status":"closed","ping_status":"closed","sticky":false,"template":"","format":"standard","meta":{"footnotes":""},"categories":[597,456,16687,20724,7541],"tags":[],"class_list":["post-333287","post","type-post","status-publish","format-standard","has-post-thumbnail","","category-cinta-de-noticias","category-arabe-internacional-politica","category-internacionales","category-minuto-a-minuto","category-ultimas-noticias"],"_links":{"self":[{"href":"https:\/\/archive.sana.sy\/es\/index.php?rest_route=\/wp\/v2\/posts\/333287"}],"collection":[{"href":"https:\/\/archive.sana.sy\/es\/index.php?rest_route=\/wp\/v2\/posts"}],"about":[{"href":"https:\/\/archive.sana.sy\/es\/index.php?rest_route=\/wp\/v2\/types\/post"}],"author":[{"embeddable":true,"href":"https:\/\/archive.sana.sy\/es\/index.php?rest_route=\/wp\/v2\/users\/42"}],"replies":[{"embeddable":true,"href":"https:\/\/archive.sana.sy\/es\/index.php?rest_route=%2Fwp%2Fv2%2Fcomments&post=333287"}],"version-history":[{"count":1,"href":"https:\/\/archive.sana.sy\/es\/index.php?rest_route=\/wp\/v2\/posts\/333287\/revisions"}],"predecessor-version":[{"id":333289,"href":"https:\/\/archive.sana.sy\/es\/index.php?rest_route=\/wp\/v2\/posts\/333287\/revisions\/333289"}],"wp:featuredmedia":[{"embeddable":true,"href":"https:\/\/archive.sana.sy\/es\/index.php?rest_route=\/wp\/v2\/media\/333288"}],"wp:attachment":[{"href":"https:\/\/archive.sana.sy\/es\/index.php?rest_route=%2Fwp%2Fv2%2Fmedia&parent=333287"}],"wp:term":[{"taxonomy":"category","embeddable":true,"href":"https:\/\/archive.sana.sy\/es\/index.php?rest_route=%2Fwp%2Fv2%2Fcategories&post=333287"},{"taxonomy":"post_tag","embeddable":true,"href":"https:\/\/archive.sana.sy\/es\/index.php?rest_route=%2Fwp%2Fv2%2Ftags&post=333287"}],"curies":[{"name":"wp","href":"https:\/\/api.w.org\/{rel}","templated":true}]}}