{"id":33329,"date":"2015-11-11T18:05:24","date_gmt":"2015-11-11T16:05:24","guid":{"rendered":"http:\/\/sana.sy\/es\/?p=33329"},"modified":"2015-11-11T18:05:24","modified_gmt":"2015-11-11T16:05:24","slug":"sayed-nasrollah-el-logro-de-kwaires-es-un-mensaje-a-aquellos-que-cuestionaron-capacidad-del-ejercito-sirio","status":"publish","type":"post","link":"https:\/\/archive.sana.sy\/es\/?p=33329","title":{"rendered":"Sayed Nasroll\u00e1h: el logro de Kwaires es un mensaje a aquellos que cuestionaron capacidad del ej\u00e9rcito sirio"},"content":{"rendered":"<p><span style=\"color: #800000\">Beirut, SANA<\/span><\/p>\n<p>El secretario general de Hezbol\u00e1, Sayed Hasan Nasroll\u00e1h se\u00f1al\u00f3 que la victoria del ej\u00e9rcito sirio en el aeropuerto militar de Kwaires demuestra la firme voluntad, la consistencia y valent\u00eda de este ej\u00e9rcito.<\/p>\n<p>Estas declaraciones se hicieron durante una alocuci\u00f3n pronunciado por Sayed Nasrollah con motivo del D\u00eda del M\u00e1rtir.<\/p>\n<p>Sayed Nasroll\u00e1h se\u00f1al\u00f3 que este logro es un mensaje dirigido a aquellos que trataron de deformar la imagen del ej\u00e9rcito sirio y cuestionar su eficiencia y capacidad, alabando la alta potencial de combate de los soldados sirios que lograron llegar al aeropuerto de Kwaires a pesar a las minas y las emboscadas colocadas por los terroristas del Estado Isl\u00e1mico.<\/p>\n<p>Asimismo a\u00f1adi\u00f3 que los avances logrados por el ej\u00e9rcito sirio en el terreno implican a EEUU y sus aliados buscar un arreglo pol\u00edtico real sin condiciones altaneras o imposibles de lograr.<\/p>\n<p>&nbsp;<br \/>\nLynn A.<\/p>\n","protected":false},"excerpt":{"rendered":"<p>Beirut, SANA El secretario general de Hezbol\u00e1, Sayed Hasan Nasroll\u00e1h se\u00f1al\u00f3 que la victoria del ej\u00e9rcito sirio en el aeropuerto militar de Kwaires demuestra la firme voluntad, la consistencia y valent\u00eda de este ej\u00e9rcito. Estas declaraciones se hicieron durante una alocuci\u00f3n pronunciado por Sayed Nasrollah con motivo del D\u00eda del M\u00e1rtir. Sayed Nasroll\u00e1h se\u00f1al\u00f3 que &hellip;<\/p>\n","protected":false},"author":24,"featured_media":33330,"comment_status":"closed","ping_status":"closed","sticky":false,"template":"","format":"standard","meta":{"footnotes":""},"categories":[456,457,576],"tags":[],"class_list":["post-33329","post","type-post","status-publish","format-standard","has-post-thumbnail","","category-arabe-internacional-politica","category-noticias-arabe-internacional-politica","category-noticias-politicas"],"_links":{"self":[{"href":"https:\/\/archive.sana.sy\/es\/index.php?rest_route=\/wp\/v2\/posts\/33329"}],"collection":[{"href":"https:\/\/archive.sana.sy\/es\/index.php?rest_route=\/wp\/v2\/posts"}],"about":[{"href":"https:\/\/archive.sana.sy\/es\/index.php?rest_route=\/wp\/v2\/types\/post"}],"author":[{"embeddable":true,"href":"https:\/\/archive.sana.sy\/es\/index.php?rest_route=\/wp\/v2\/users\/24"}],"replies":[{"embeddable":true,"href":"https:\/\/archive.sana.sy\/es\/index.php?rest_route=%2Fwp%2Fv2%2Fcomments&post=33329"}],"version-history":[{"count":0,"href":"https:\/\/archive.sana.sy\/es\/index.php?rest_route=\/wp\/v2\/posts\/33329\/revisions"}],"wp:featuredmedia":[{"embeddable":true,"href":"https:\/\/archive.sana.sy\/es\/index.php?rest_route=\/wp\/v2\/media\/33330"}],"wp:attachment":[{"href":"https:\/\/archive.sana.sy\/es\/index.php?rest_route=%2Fwp%2Fv2%2Fmedia&parent=33329"}],"wp:term":[{"taxonomy":"category","embeddable":true,"href":"https:\/\/archive.sana.sy\/es\/index.php?rest_route=%2Fwp%2Fv2%2Fcategories&post=33329"},{"taxonomy":"post_tag","embeddable":true,"href":"https:\/\/archive.sana.sy\/es\/index.php?rest_route=%2Fwp%2Fv2%2Ftags&post=33329"}],"curies":[{"name":"wp","href":"https:\/\/api.w.org\/{rel}","templated":true}]}}