{"id":333293,"date":"2024-07-07T17:07:55","date_gmt":"2024-07-07T14:07:55","guid":{"rendered":"https:\/\/sana.sy\/es\/?p=333293"},"modified":"2024-07-07T17:07:55","modified_gmt":"2024-07-07T14:07:55","slug":"presidente-de-laos-expresa-voluntad-de-desarrollar-relaciones-con-siria","status":"publish","type":"post","link":"https:\/\/archive.sana.sy\/es\/?p=333293","title":{"rendered":"Presidente de Laos expresa voluntad de desarrollar relaciones con Siria"},"content":{"rendered":"<p style=\"text-align: justify;\"><span style=\"color: #800000;\"><strong>Vienti\u00e1n, 7 jul (SANA)<\/strong><\/span> El presidente de la Rep\u00fablica Democr\u00e1tica Popular de Laos, Thongloun Sisoulith, afirm\u00f3 el deseo de su pa\u00eds de desarrollar relaciones con Siria en diversos \u00e1mbitos.<\/p>\n<p style=\"text-align: justify;\">Esta postura fue expresada por el mandatario al aceptar las cartas credenciales de Muhammad Hassanein Khaddam como embajador extraordinario y plenipotenciario no residente en la Rep\u00fablica Democr\u00e1tica Popular Laos.<\/p>\n<p style=\"text-align: justify;\">Sisoulith expres\u00f3 sus saludos al presidente Bashar al-Assad y destac\u00f3 su voluntad de fortalecer las relaciones entre los dos pa\u00edses en todos los niveles.<\/p>\n<p style=\"text-align: justify;\">A su vez, el embajador Khaddam traslad\u00f3 los saludos de Al-Assad a su hom\u00f3logo Sisoulith y sus deseos de progreso y bienestar para el pueblo amigo de Laos.<\/p>\n<p style=\"text-align: justify;\">Subray\u00f3 el deseo de Siria de desarrollar relaciones bilaterales.<\/p>\n<p style=\"text-align: justify;\">fm\/as<\/p>\n","protected":false},"excerpt":{"rendered":"<p>Vienti\u00e1n, 7 jul (SANA) El presidente de la Rep\u00fablica Democr\u00e1tica Popular de Laos, Thongloun Sisoulith, afirm\u00f3 el deseo de su pa\u00eds de desarrollar relaciones con Siria en diversos \u00e1mbitos. Esta postura fue expresada por el mandatario al aceptar las cartas credenciales de Muhammad Hassanein Khaddam como embajador extraordinario y plenipotenciario no residente en la Rep\u00fablica &hellip;<\/p>\n","protected":false},"author":42,"featured_media":333294,"comment_status":"closed","ping_status":"closed","sticky":false,"template":"","format":"standard","meta":{"footnotes":""},"categories":[597,20724,467,7541],"tags":[],"class_list":["post-333293","post","type-post","status-publish","format-standard","has-post-thumbnail","","category-cinta-de-noticias","category-minuto-a-minuto","category-siria-y-el-mundo","category-ultimas-noticias"],"_links":{"self":[{"href":"https:\/\/archive.sana.sy\/es\/index.php?rest_route=\/wp\/v2\/posts\/333293"}],"collection":[{"href":"https:\/\/archive.sana.sy\/es\/index.php?rest_route=\/wp\/v2\/posts"}],"about":[{"href":"https:\/\/archive.sana.sy\/es\/index.php?rest_route=\/wp\/v2\/types\/post"}],"author":[{"embeddable":true,"href":"https:\/\/archive.sana.sy\/es\/index.php?rest_route=\/wp\/v2\/users\/42"}],"replies":[{"embeddable":true,"href":"https:\/\/archive.sana.sy\/es\/index.php?rest_route=%2Fwp%2Fv2%2Fcomments&post=333293"}],"version-history":[{"count":1,"href":"https:\/\/archive.sana.sy\/es\/index.php?rest_route=\/wp\/v2\/posts\/333293\/revisions"}],"predecessor-version":[{"id":333295,"href":"https:\/\/archive.sana.sy\/es\/index.php?rest_route=\/wp\/v2\/posts\/333293\/revisions\/333295"}],"wp:featuredmedia":[{"embeddable":true,"href":"https:\/\/archive.sana.sy\/es\/index.php?rest_route=\/wp\/v2\/media\/333294"}],"wp:attachment":[{"href":"https:\/\/archive.sana.sy\/es\/index.php?rest_route=%2Fwp%2Fv2%2Fmedia&parent=333293"}],"wp:term":[{"taxonomy":"category","embeddable":true,"href":"https:\/\/archive.sana.sy\/es\/index.php?rest_route=%2Fwp%2Fv2%2Fcategories&post=333293"},{"taxonomy":"post_tag","embeddable":true,"href":"https:\/\/archive.sana.sy\/es\/index.php?rest_route=%2Fwp%2Fv2%2Ftags&post=333293"}],"curies":[{"name":"wp","href":"https:\/\/api.w.org\/{rel}","templated":true}]}}