{"id":333358,"date":"2024-07-08T15:26:19","date_gmt":"2024-07-08T12:26:19","guid":{"rendered":"https:\/\/sana.sy\/es\/?p=333358"},"modified":"2024-07-08T15:26:19","modified_gmt":"2024-07-08T12:26:19","slug":"israel-mato-hoy-a-40-palestinos-para-un-total-de-38-193-desde-el-inicio-de-su-agresion-a-gaza","status":"publish","type":"post","link":"https:\/\/archive.sana.sy\/es\/?p=333358","title":{"rendered":"Israel mat\u00f3 hoy a 40 palestinos para un total de 38.193 desde el inicio de su agresi\u00f3n a Gaza"},"content":{"rendered":"<p style=\"text-align: justify;\"><span style=\"color: #800000;\"><strong>Jerusal\u00e9n ocupada, 8 jul (SANA)<\/strong><\/span> El Ministerio de Salud palestino inform\u00f3 hoy que durante las \u00faltimas 24 horas, las tropas sionistas cometieron tres masacres en la Franja de Gaza, dejando 40 muertos y 75 heridos.<\/p>\n<p style=\"text-align: justify;\">El n\u00famero total de v\u00edctimas durante 276 d\u00edas de agresi\u00f3n israel\u00ed en Gaza aument\u00f3 a 38.193 muertos y 87.903 heridos, inform\u00f3 el ente de salud por medio de un comunicado.<\/p>\n<p style=\"text-align: justify;\">Agreg\u00f3 que miles de v\u00edctimas permanecen bajo los escombros o tiradas en las carreteras, y las ambulancias y equipos de defensa civil no pueden llegar a los mismos debido a los ataques sionistas.<\/p>\n<p style=\"text-align: justify;\">Durante el d\u00eda de hoy, dos personas murieron y varias resultaron heridas en un bombardeo del ocupante israel\u00ed contra el barrio de Tal al-Sultan en la ciudad de Rafah, al sur de la Franja de Gaza.<\/p>\n<p style=\"text-align: justify;\">Asimismo, decenas de palestinos murieron o resultaron lesionados en bombardeos contra los barrios de la ciudad de Gaza.<\/p>\n<p style=\"text-align: justify;\">Estos ataque provocaron el desplazamiento de miles de palestinos.<\/p>\n<p style=\"text-align: justify;\">Tambi\u00e9n, dos palestinos tambi\u00e9n fueron m\u00e1rtires y 11 resultaron heridos en los bombardeos de barrios de la ocupaci\u00f3n en la ciudad de. Rafah, al sur de la Franja de Gaza.<\/p>\n<p style=\"text-align: justify;\">fm\/ed<\/p>\n","protected":false},"excerpt":{"rendered":"<p>Jerusal\u00e9n ocupada, 8 jul (SANA) El Ministerio de Salud palestino inform\u00f3 hoy que durante las \u00faltimas 24 horas, las tropas sionistas cometieron tres masacres en la Franja de Gaza, dejando 40 muertos y 75 heridos. El n\u00famero total de v\u00edctimas durante 276 d\u00edas de agresi\u00f3n israel\u00ed en Gaza aument\u00f3 a 38.193 muertos y 87.903 heridos, &hellip;<\/p>\n","protected":false},"author":32,"featured_media":333359,"comment_status":"closed","ping_status":"closed","sticky":false,"template":"","format":"standard","meta":{"footnotes":""},"categories":[597,456,20724,583],"tags":[],"class_list":["post-333358","post","type-post","status-publish","format-standard","has-post-thumbnail","","category-cinta-de-noticias","category-arabe-internacional-politica","category-minuto-a-minuto","category-slide"],"_links":{"self":[{"href":"https:\/\/archive.sana.sy\/es\/index.php?rest_route=\/wp\/v2\/posts\/333358"}],"collection":[{"href":"https:\/\/archive.sana.sy\/es\/index.php?rest_route=\/wp\/v2\/posts"}],"about":[{"href":"https:\/\/archive.sana.sy\/es\/index.php?rest_route=\/wp\/v2\/types\/post"}],"author":[{"embeddable":true,"href":"https:\/\/archive.sana.sy\/es\/index.php?rest_route=\/wp\/v2\/users\/32"}],"replies":[{"embeddable":true,"href":"https:\/\/archive.sana.sy\/es\/index.php?rest_route=%2Fwp%2Fv2%2Fcomments&post=333358"}],"version-history":[{"count":1,"href":"https:\/\/archive.sana.sy\/es\/index.php?rest_route=\/wp\/v2\/posts\/333358\/revisions"}],"predecessor-version":[{"id":333360,"href":"https:\/\/archive.sana.sy\/es\/index.php?rest_route=\/wp\/v2\/posts\/333358\/revisions\/333360"}],"wp:featuredmedia":[{"embeddable":true,"href":"https:\/\/archive.sana.sy\/es\/index.php?rest_route=\/wp\/v2\/media\/333359"}],"wp:attachment":[{"href":"https:\/\/archive.sana.sy\/es\/index.php?rest_route=%2Fwp%2Fv2%2Fmedia&parent=333358"}],"wp:term":[{"taxonomy":"category","embeddable":true,"href":"https:\/\/archive.sana.sy\/es\/index.php?rest_route=%2Fwp%2Fv2%2Fcategories&post=333358"},{"taxonomy":"post_tag","embeddable":true,"href":"https:\/\/archive.sana.sy\/es\/index.php?rest_route=%2Fwp%2Fv2%2Ftags&post=333358"}],"curies":[{"name":"wp","href":"https:\/\/api.w.org\/{rel}","templated":true}]}}