{"id":333372,"date":"2024-07-08T18:45:57","date_gmt":"2024-07-08T15:45:57","guid":{"rendered":"https:\/\/sana.sy\/es\/?p=333372"},"modified":"2024-07-08T19:51:03","modified_gmt":"2024-07-08T16:51:03","slug":"tropas-de-eeuu-completan-retirada-de-niger","status":"publish","type":"post","link":"https:\/\/archive.sana.sy\/es\/?p=333372","title":{"rendered":"Tropas de EEUU completan retirada de Niger"},"content":{"rendered":"<p style=\"text-align: justify;\"><span style=\"color: #800000;\"><strong>Niamey, 8 jul (SANA)<\/strong><\/span>\u00a0 El Ej\u00e9rcito de Estados Unidos complet\u00f3 la retirada de su personal de la Base A\u00e9rea 101, ubicada en la capital de N\u00edger, Niamey.<\/p>\n<p style=\"text-align: justify;\">&#8220;Esta operaci\u00f3n se complet\u00f3 antes de lo previsto y sin complicaciones&#8221;, indicaron desde el Ministerio de Defensa del pa\u00eds africano y del Departamento de Defensa de EE.UU.<\/p>\n<p style=\"text-align: justify;\">Burkina Faso, Mali y N\u00edger firmaron el s\u00e1bado \u00faltimo un tratado en virtud del cual se crea la Confederaci\u00f3n de Estados del Sahel (CES) que actuar\u00e1 lejos de la influencia extranjera.<\/p>\n<p>&nbsp;<\/p>\n<p>fm\/rr<\/p>\n","protected":false},"excerpt":{"rendered":"<p>Niamey, 8 jul (SANA)\u00a0 El Ej\u00e9rcito de Estados Unidos complet\u00f3 la retirada de su personal de la Base A\u00e9rea 101, ubicada en la capital de N\u00edger, Niamey. &#8220;Esta operaci\u00f3n se complet\u00f3 antes de lo previsto y sin complicaciones&#8221;, indicaron desde el Ministerio de Defensa del pa\u00eds africano y del Departamento de Defensa de EE.UU. Burkina &hellip;<\/p>\n","protected":false},"author":31,"featured_media":333374,"comment_status":"closed","ping_status":"closed","sticky":false,"template":"","format":"standard","meta":{"footnotes":""},"categories":[597,456,16687,7541],"tags":[],"class_list":["post-333372","post","type-post","status-publish","format-standard","has-post-thumbnail","","category-cinta-de-noticias","category-arabe-internacional-politica","category-internacionales","category-ultimas-noticias"],"_links":{"self":[{"href":"https:\/\/archive.sana.sy\/es\/index.php?rest_route=\/wp\/v2\/posts\/333372"}],"collection":[{"href":"https:\/\/archive.sana.sy\/es\/index.php?rest_route=\/wp\/v2\/posts"}],"about":[{"href":"https:\/\/archive.sana.sy\/es\/index.php?rest_route=\/wp\/v2\/types\/post"}],"author":[{"embeddable":true,"href":"https:\/\/archive.sana.sy\/es\/index.php?rest_route=\/wp\/v2\/users\/31"}],"replies":[{"embeddable":true,"href":"https:\/\/archive.sana.sy\/es\/index.php?rest_route=%2Fwp%2Fv2%2Fcomments&post=333372"}],"version-history":[{"count":1,"href":"https:\/\/archive.sana.sy\/es\/index.php?rest_route=\/wp\/v2\/posts\/333372\/revisions"}],"predecessor-version":[{"id":333373,"href":"https:\/\/archive.sana.sy\/es\/index.php?rest_route=\/wp\/v2\/posts\/333372\/revisions\/333373"}],"wp:featuredmedia":[{"embeddable":true,"href":"https:\/\/archive.sana.sy\/es\/index.php?rest_route=\/wp\/v2\/media\/333374"}],"wp:attachment":[{"href":"https:\/\/archive.sana.sy\/es\/index.php?rest_route=%2Fwp%2Fv2%2Fmedia&parent=333372"}],"wp:term":[{"taxonomy":"category","embeddable":true,"href":"https:\/\/archive.sana.sy\/es\/index.php?rest_route=%2Fwp%2Fv2%2Fcategories&post=333372"},{"taxonomy":"post_tag","embeddable":true,"href":"https:\/\/archive.sana.sy\/es\/index.php?rest_route=%2Fwp%2Fv2%2Ftags&post=333372"}],"curies":[{"name":"wp","href":"https:\/\/api.w.org\/{rel}","templated":true}]}}