{"id":333379,"date":"2024-07-09T11:16:25","date_gmt":"2024-07-09T08:16:25","guid":{"rendered":"https:\/\/sana.sy\/es\/?p=333379"},"modified":"2024-07-09T15:48:51","modified_gmt":"2024-07-09T12:48:51","slug":"muertos-y-heridos-en-bombardeos-israelies-perpetrados-en-el-dia-277-de-la-agresion-contra-gaza","status":"publish","type":"post","link":"https:\/\/archive.sana.sy\/es\/?p=333379","title":{"rendered":"Muertos y heridos en bombardeos israel\u00edes perpetrados en el d\u00eda 277 de la agresi\u00f3n contra Gaza"},"content":{"rendered":"<p style=\"text-align: justify;\"><span style=\"color: #800000;\"><strong>Jerusal\u00e9n ocupada, 9 jul (SANA)<\/strong> <\/span>El ej\u00e9rcito de ocupaci\u00f3n israel\u00ed contin\u00faa por 277 d\u00eda consecutivo su brutal agresi\u00f3n contra la Franja de Gaza, atacando hogares y concentraciones de personas desplazadas, provocando decenas de muertos y heridos.<\/p>\n<p style=\"text-align: justify;\">De acuerdo con reportes de los medios de prensa palestinos, 3 personas perdieron la vida y varios resultaron heridos en bombardeo de un avi\u00f3n israel\u00ed contra una casa en la calle Al-Nakhil en Deir Al-Balah, en la zona central de la Franja de Gaza.<\/p>\n<p style=\"text-align: justify;\">Mientras tanto, hubo 5 muertos y un n\u00famero de lesionados, la mayor\u00eda son ni\u00f1os, en incursiones de aviones israel\u00edes contra varias viviendas en las zonas de Al-Sahaba y Al-Jalaa en la ciudad de Gaza.<\/p>\n<p style=\"text-align: justify;\">Por otro lado, tres civiles falleciron y otros tres resultaron heridos en bombardeo de las fuerzas de ocupaci\u00f3n israel\u00edes en la zona de Lababidi, al norte de la ciudad de Gaza.<\/p>\n<p style=\"text-align: justify;\">Las inmediaciones del complejo m\u00e9dico Al-Shifa, al oeste de la ciudad de Gaza, y la escuela Nuseirat, fueron blancos de violentos ataques de las fuerzas de ocupaci\u00f3n.<\/p>\n<p style=\"text-align: justify;\">En la ciudad de Rafah, al sur de la Franja de Gaza, la artiller\u00eda bombarde\u00f3 varias zonas al oeste de la ciudad.<\/p>\n<p style=\"text-align: justify;\">El Ministerio de Salud palestino hab\u00eda informado el n\u00famero total de v\u00edctimas durante 277 d\u00edas de agresi\u00f3n israel\u00ed en Gaza aument\u00f3 a 38.193 muertos y 87.903 heridos, inform\u00f3 el ente de salud por medio de un comunicado.<\/p>\n<p>fm\/ed<\/p>\n","protected":false},"excerpt":{"rendered":"<p>Jerusal\u00e9n ocupada, 9 jul (SANA) El ej\u00e9rcito de ocupaci\u00f3n israel\u00ed contin\u00faa por 277 d\u00eda consecutivo su brutal agresi\u00f3n contra la Franja de Gaza, atacando hogares y concentraciones de personas desplazadas, provocando decenas de muertos y heridos. De acuerdo con reportes de los medios de prensa palestinos, 3 personas perdieron la vida y varios resultaron heridos &hellip;<\/p>\n","protected":false},"author":32,"featured_media":333380,"comment_status":"closed","ping_status":"closed","sticky":false,"template":"","format":"standard","meta":{"footnotes":""},"categories":[597,456,20724,7541],"tags":[],"class_list":["post-333379","post","type-post","status-publish","format-standard","has-post-thumbnail","","category-cinta-de-noticias","category-arabe-internacional-politica","category-minuto-a-minuto","category-ultimas-noticias"],"_links":{"self":[{"href":"https:\/\/archive.sana.sy\/es\/index.php?rest_route=\/wp\/v2\/posts\/333379"}],"collection":[{"href":"https:\/\/archive.sana.sy\/es\/index.php?rest_route=\/wp\/v2\/posts"}],"about":[{"href":"https:\/\/archive.sana.sy\/es\/index.php?rest_route=\/wp\/v2\/types\/post"}],"author":[{"embeddable":true,"href":"https:\/\/archive.sana.sy\/es\/index.php?rest_route=\/wp\/v2\/users\/32"}],"replies":[{"embeddable":true,"href":"https:\/\/archive.sana.sy\/es\/index.php?rest_route=%2Fwp%2Fv2%2Fcomments&post=333379"}],"version-history":[{"count":1,"href":"https:\/\/archive.sana.sy\/es\/index.php?rest_route=\/wp\/v2\/posts\/333379\/revisions"}],"predecessor-version":[{"id":333381,"href":"https:\/\/archive.sana.sy\/es\/index.php?rest_route=\/wp\/v2\/posts\/333379\/revisions\/333381"}],"wp:featuredmedia":[{"embeddable":true,"href":"https:\/\/archive.sana.sy\/es\/index.php?rest_route=\/wp\/v2\/media\/333380"}],"wp:attachment":[{"href":"https:\/\/archive.sana.sy\/es\/index.php?rest_route=%2Fwp%2Fv2%2Fmedia&parent=333379"}],"wp:term":[{"taxonomy":"category","embeddable":true,"href":"https:\/\/archive.sana.sy\/es\/index.php?rest_route=%2Fwp%2Fv2%2Fcategories&post=333379"},{"taxonomy":"post_tag","embeddable":true,"href":"https:\/\/archive.sana.sy\/es\/index.php?rest_route=%2Fwp%2Fv2%2Ftags&post=333379"}],"curies":[{"name":"wp","href":"https:\/\/api.w.org\/{rel}","templated":true}]}}