{"id":333409,"date":"2024-07-09T15:48:26","date_gmt":"2024-07-09T12:48:26","guid":{"rendered":"https:\/\/sana.sy\/es\/?p=333409"},"modified":"2024-07-09T15:48:26","modified_gmt":"2024-07-09T12:48:26","slug":"suman-38-243-los-palestinos-muertos-durante-277-dias-de-agresion-contra-gaza","status":"publish","type":"post","link":"https:\/\/archive.sana.sy\/es\/?p=333409","title":{"rendered":"Suman 38.243 los palestinos muertos durante 277 d\u00edas de agresi\u00f3n contra Gaza"},"content":{"rendered":"<p style=\"text-align: justify;\"><span style=\"color: #800000;\"><strong>Jerusal\u00e9n ocupada, 9 jul (SANA)<\/strong> <\/span>El ej\u00e9rcito de ocupaci\u00f3n israel\u00ed cometi\u00f3 3 masacres en la Franja de Gaza durante las \u00faltimas 24 horas, dejando 50 muertos y 130 heridos, inform\u00f3 el Ministerio de Salud palestino.<\/p>\n<p style=\"text-align: justify;\">En un comunicado, el Ministerio agreg\u00f3 que el n\u00famero total de v\u00edctimas durante 277 d\u00edas de agresi\u00f3n en Gaza aument\u00f3 a 38.243 muertos y 88.033 heridos.<\/p>\n<p style=\"text-align: justify;\">Precis\u00f3 que la anterior cifra puede aumentar ya que miles todav\u00eda est\u00e1n bajo los escombros y en las carreteras, y los equipos de ambulancias y de defensa civil no pueden llegar hasta ellos.<\/p>\n<p style=\"text-align: justify;\">Durante el d\u00eda de hoy, 28 palestinos murieron y decenas resultaron heridos en los bombardeos contra varias zonas de la Franja de Gaza.<\/p>\n<p style=\"text-align: justify;\">Fuentes m\u00e9dicas informaron que siete ciudadanos perdieron la vida como resultado del bombardeo contra una casa en el campamento de refugiados de Nuseirat, ubicado en el centro del enclave costero.<\/p>\n<p style=\"text-align: justify;\">Otros nueve fallecieron en dos incidentes similares en la norte\u00f1a ciudad de Gaza, precis\u00f3 la agencia oficial de noticias Wafa.<\/p>\n<p style=\"text-align: justify;\">fm\/as<\/p>\n","protected":false},"excerpt":{"rendered":"<p>Jerusal\u00e9n ocupada, 9 jul (SANA) El ej\u00e9rcito de ocupaci\u00f3n israel\u00ed cometi\u00f3 3 masacres en la Franja de Gaza durante las \u00faltimas 24 horas, dejando 50 muertos y 130 heridos, inform\u00f3 el Ministerio de Salud palestino. En un comunicado, el Ministerio agreg\u00f3 que el n\u00famero total de v\u00edctimas durante 277 d\u00edas de agresi\u00f3n en Gaza aument\u00f3 &hellip;<\/p>\n","protected":false},"author":42,"featured_media":333410,"comment_status":"closed","ping_status":"closed","sticky":false,"template":"","format":"standard","meta":{"footnotes":""},"categories":[597,456,16687,20724,583],"tags":[],"class_list":["post-333409","post","type-post","status-publish","format-standard","has-post-thumbnail","","category-cinta-de-noticias","category-arabe-internacional-politica","category-internacionales","category-minuto-a-minuto","category-slide"],"_links":{"self":[{"href":"https:\/\/archive.sana.sy\/es\/index.php?rest_route=\/wp\/v2\/posts\/333409"}],"collection":[{"href":"https:\/\/archive.sana.sy\/es\/index.php?rest_route=\/wp\/v2\/posts"}],"about":[{"href":"https:\/\/archive.sana.sy\/es\/index.php?rest_route=\/wp\/v2\/types\/post"}],"author":[{"embeddable":true,"href":"https:\/\/archive.sana.sy\/es\/index.php?rest_route=\/wp\/v2\/users\/42"}],"replies":[{"embeddable":true,"href":"https:\/\/archive.sana.sy\/es\/index.php?rest_route=%2Fwp%2Fv2%2Fcomments&post=333409"}],"version-history":[{"count":1,"href":"https:\/\/archive.sana.sy\/es\/index.php?rest_route=\/wp\/v2\/posts\/333409\/revisions"}],"predecessor-version":[{"id":333411,"href":"https:\/\/archive.sana.sy\/es\/index.php?rest_route=\/wp\/v2\/posts\/333409\/revisions\/333411"}],"wp:featuredmedia":[{"embeddable":true,"href":"https:\/\/archive.sana.sy\/es\/index.php?rest_route=\/wp\/v2\/media\/333410"}],"wp:attachment":[{"href":"https:\/\/archive.sana.sy\/es\/index.php?rest_route=%2Fwp%2Fv2%2Fmedia&parent=333409"}],"wp:term":[{"taxonomy":"category","embeddable":true,"href":"https:\/\/archive.sana.sy\/es\/index.php?rest_route=%2Fwp%2Fv2%2Fcategories&post=333409"},{"taxonomy":"post_tag","embeddable":true,"href":"https:\/\/archive.sana.sy\/es\/index.php?rest_route=%2Fwp%2Fv2%2Ftags&post=333409"}],"curies":[{"name":"wp","href":"https:\/\/api.w.org\/{rel}","templated":true}]}}