{"id":333413,"date":"2024-07-09T16:17:58","date_gmt":"2024-07-09T13:17:58","guid":{"rendered":"https:\/\/sana.sy\/es\/?p=333413"},"modified":"2024-07-09T16:18:28","modified_gmt":"2024-07-09T13:18:28","slug":"333413","status":"publish","type":"post","link":"https:\/\/archive.sana.sy\/es\/?p=333413","title":{"rendered":"Presidente de Bolivia: Las masacres israel\u00edes son inaceptables por la humanidad"},"content":{"rendered":"<p style=\"text-align: justify;\"><span style=\"color: #800000;\"><strong>La Paz, 9 jul (SANA)<\/strong><\/span> El presidente de Bolivia, Luis Arce, aclar\u00f3 hoy que su pa\u00eds decidi\u00f3 romper relaciones con \u201cIsrael\u201d en rechazo a las masacres que est\u00e1 cometiendo contra los palestinos, y ratific\u00f3 que los cr\u00edmenes israel\u00edes no pueden ser aceptados por la humanidad.<\/p>\n<p style=\"text-align: justify;\">En una entrevista televisiva, Arce denunci\u00f3 la agresi\u00f3n israel\u00ed contra la Franja de Gaza y reafirm\u00f3 que el gobierno y pueblo bolivianos rechazan las masacres contra los palestinos y no aceptan que contin\u00fae la injusticia contra un pueblo que, como otros pueblos, merece el reconocimiento mundial de sus derechos.<\/p>\n<p style=\"text-align: justify;\">El mandatario se\u00f1al\u00f3 que \u201clos palestinos est\u00e1n luchando por recuperar sus tierras, y la ONU reconocen la lucha de este pueblo por establecer su Estado.<\/p>\n<p style=\"text-align: justify;\">Lo que est\u00e1 haciendo Israel es un acto inhumano y grosero que es inaceptable, y el bombardeo contra los palestinos de esta manera violenta exige toda nuestra condena\u201d, afirm\u00f3 Arce.<\/p>\n<p style=\"text-align: justify;\">Inst\u00f3 a las Naciones Unidas a hacer todo lo posible para garantizar el acceso permanente de la ayuda humanitaria a los territorios palestinos y detener los ataques cometidos por la entidad israel\u00ed contra el pueblo palestino.<\/p>\n<p style=\"text-align: justify;\">fm\/as<\/p>\n","protected":false},"excerpt":{"rendered":"<p>La Paz, 9 jul (SANA) El presidente de Bolivia, Luis Arce, aclar\u00f3 hoy que su pa\u00eds decidi\u00f3 romper relaciones con \u201cIsrael\u201d en rechazo a las masacres que est\u00e1 cometiendo contra los palestinos, y ratific\u00f3 que los cr\u00edmenes israel\u00edes no pueden ser aceptados por la humanidad. En una entrevista televisiva, Arce denunci\u00f3 la agresi\u00f3n israel\u00ed contra &hellip;<\/p>\n","protected":false},"author":42,"featured_media":333414,"comment_status":"closed","ping_status":"closed","sticky":false,"template":"","format":"standard","meta":{"footnotes":""},"categories":[597,456,16687,20724,7541],"tags":[],"class_list":["post-333413","post","type-post","status-publish","format-standard","has-post-thumbnail","","category-cinta-de-noticias","category-arabe-internacional-politica","category-internacionales","category-minuto-a-minuto","category-ultimas-noticias"],"_links":{"self":[{"href":"https:\/\/archive.sana.sy\/es\/index.php?rest_route=\/wp\/v2\/posts\/333413"}],"collection":[{"href":"https:\/\/archive.sana.sy\/es\/index.php?rest_route=\/wp\/v2\/posts"}],"about":[{"href":"https:\/\/archive.sana.sy\/es\/index.php?rest_route=\/wp\/v2\/types\/post"}],"author":[{"embeddable":true,"href":"https:\/\/archive.sana.sy\/es\/index.php?rest_route=\/wp\/v2\/users\/42"}],"replies":[{"embeddable":true,"href":"https:\/\/archive.sana.sy\/es\/index.php?rest_route=%2Fwp%2Fv2%2Fcomments&post=333413"}],"version-history":[{"count":2,"href":"https:\/\/archive.sana.sy\/es\/index.php?rest_route=\/wp\/v2\/posts\/333413\/revisions"}],"predecessor-version":[{"id":333416,"href":"https:\/\/archive.sana.sy\/es\/index.php?rest_route=\/wp\/v2\/posts\/333413\/revisions\/333416"}],"wp:featuredmedia":[{"embeddable":true,"href":"https:\/\/archive.sana.sy\/es\/index.php?rest_route=\/wp\/v2\/media\/333414"}],"wp:attachment":[{"href":"https:\/\/archive.sana.sy\/es\/index.php?rest_route=%2Fwp%2Fv2%2Fmedia&parent=333413"}],"wp:term":[{"taxonomy":"category","embeddable":true,"href":"https:\/\/archive.sana.sy\/es\/index.php?rest_route=%2Fwp%2Fv2%2Fcategories&post=333413"},{"taxonomy":"post_tag","embeddable":true,"href":"https:\/\/archive.sana.sy\/es\/index.php?rest_route=%2Fwp%2Fv2%2Ftags&post=333413"}],"curies":[{"name":"wp","href":"https:\/\/api.w.org\/{rel}","templated":true}]}}