{"id":333437,"date":"2024-07-09T18:40:25","date_gmt":"2024-07-09T15:40:25","guid":{"rendered":"https:\/\/sana.sy\/es\/?p=333437"},"modified":"2024-07-09T18:40:25","modified_gmt":"2024-07-09T15:40:25","slug":"cuba-fustiga-que-eeuu-tolera-acciones-terroristas-anticubanas-que-se-organizan-en-su-territorio","status":"publish","type":"post","link":"https:\/\/archive.sana.sy\/es\/?p=333437","title":{"rendered":"Cuba fustiga que EEUU tolera acciones terroristas anticubanas que se organizan en su territorio"},"content":{"rendered":"<p style=\"text-align: justify\"><span style=\"color: #800000\"><strong>La Habana, 09 jul (SANA)<\/strong> <\/span>El jefe de la diplomacia cubana, Bruno Rodr\u00edguez denunci\u00f3 que operaciones terroristas contra Cuba se financian en Estados Unidos.<\/p>\n<p style=\"text-align: justify\">\u201cSon acciones que cuentan con el apoyo de connotadas figuras pol\u00edticas de posiciones anticubanas\u201d, se\u00f1al\u00f3 Rodr\u00edguez en una publicaci\u00f3n en la red social X.<\/p>\n<p style=\"text-align: justify\">Asimismo fustig\u00f3 que el gobierno estadounidense tiene conocimiento de estas acciones, sin embargo las \u201ctolera\u201d.<\/p>\n<p style=\"text-align: justify\">En su cuenta X, el Canciller cubano comparti\u00f3 una investigaci\u00f3n llevada a cabo por fuerzas del Ministerio del Interior (Minint) de Cuba, sobre planes organizadas desde el territorio norteamericano contra la naci\u00f3n caribe\u00f1a.<\/p>\n<p style=\"text-align: justify\">Seg\u00fan la investigaci\u00f3n, un individuo de 40 a\u00f1os, identificado como Ardenys\u00a0 Garc\u00eda \u00c1lvarez, confes\u00f3 haber ingresado a Cuba por el norte de Matanzas en diciembre de 2023 en una moto acu\u00e1tica para realizar la operaci\u00f3n organizada y financiada por grupos terroristas basados en el sur de la Florida.<\/p>\n<p style=\"text-align: justify\">la<\/p>\n","protected":false},"excerpt":{"rendered":"<p>La Habana, 09 jul (SANA) El jefe de la diplomacia cubana, Bruno Rodr\u00edguez denunci\u00f3 que operaciones terroristas contra Cuba se financian en Estados Unidos. \u201cSon acciones que cuentan con el apoyo de connotadas figuras pol\u00edticas de posiciones anticubanas\u201d, se\u00f1al\u00f3 Rodr\u00edguez en una publicaci\u00f3n en la red social X. Asimismo fustig\u00f3 que el gobierno estadounidense tiene &hellip;<\/p>\n","protected":false},"author":24,"featured_media":333438,"comment_status":"closed","ping_status":"closed","sticky":false,"template":"","format":"standard","meta":{"footnotes":""},"categories":[597,456,20724,7541],"tags":[],"class_list":["post-333437","post","type-post","status-publish","format-standard","has-post-thumbnail","","category-cinta-de-noticias","category-arabe-internacional-politica","category-minuto-a-minuto","category-ultimas-noticias"],"_links":{"self":[{"href":"https:\/\/archive.sana.sy\/es\/index.php?rest_route=\/wp\/v2\/posts\/333437"}],"collection":[{"href":"https:\/\/archive.sana.sy\/es\/index.php?rest_route=\/wp\/v2\/posts"}],"about":[{"href":"https:\/\/archive.sana.sy\/es\/index.php?rest_route=\/wp\/v2\/types\/post"}],"author":[{"embeddable":true,"href":"https:\/\/archive.sana.sy\/es\/index.php?rest_route=\/wp\/v2\/users\/24"}],"replies":[{"embeddable":true,"href":"https:\/\/archive.sana.sy\/es\/index.php?rest_route=%2Fwp%2Fv2%2Fcomments&post=333437"}],"version-history":[{"count":1,"href":"https:\/\/archive.sana.sy\/es\/index.php?rest_route=\/wp\/v2\/posts\/333437\/revisions"}],"predecessor-version":[{"id":333439,"href":"https:\/\/archive.sana.sy\/es\/index.php?rest_route=\/wp\/v2\/posts\/333437\/revisions\/333439"}],"wp:featuredmedia":[{"embeddable":true,"href":"https:\/\/archive.sana.sy\/es\/index.php?rest_route=\/wp\/v2\/media\/333438"}],"wp:attachment":[{"href":"https:\/\/archive.sana.sy\/es\/index.php?rest_route=%2Fwp%2Fv2%2Fmedia&parent=333437"}],"wp:term":[{"taxonomy":"category","embeddable":true,"href":"https:\/\/archive.sana.sy\/es\/index.php?rest_route=%2Fwp%2Fv2%2Fcategories&post=333437"},{"taxonomy":"post_tag","embeddable":true,"href":"https:\/\/archive.sana.sy\/es\/index.php?rest_route=%2Fwp%2Fv2%2Ftags&post=333437"}],"curies":[{"name":"wp","href":"https:\/\/api.w.org\/{rel}","templated":true}]}}