{"id":333440,"date":"2024-07-09T19:17:28","date_gmt":"2024-07-09T16:17:28","guid":{"rendered":"https:\/\/sana.sy\/es\/?p=333440"},"modified":"2024-07-09T19:17:28","modified_gmt":"2024-07-09T16:17:28","slug":"gabinete-instruye-garantizar-ambiente-optimo-para-las-proximas-elecciones-parlamentarias","status":"publish","type":"post","link":"https:\/\/archive.sana.sy\/es\/?p=333440","title":{"rendered":"Gabinete instruye garantizar ambiente \u00f3ptimo para las pr\u00f3ximas elecciones parlamentarias"},"content":{"rendered":"<p style=\"text-align: justify\"><span style=\"color: #800000\"><strong>Damasco, 09 jul (SANA)<\/strong><\/span> El Consejo de Ministros abord\u00f3 este martes \u00a0las medidas a tomar para garantizar una \u00f3ptima celebraci\u00f3n de las elecciones parlamentarias que tendr\u00e1n lugar el pr\u00f3ximo 15 de julio.<\/p>\n<p style=\"text-align: justify\">Los ministros examinaron tambi\u00e9n una serie de asuntos de inter\u00e9s p\u00fablico, as\u00ed como el proyecto de instrumento legislativo que ratifica la adhesi\u00f3n de la Rep\u00fablica \u00c1rabe Siria al Acuerdo \u00c1rabe de Cooperaci\u00f3n Aduanera aprobado por el Consejo Econ\u00f3mico y Social de la Liga \u00c1rabe.<\/p>\n<p style=\"text-align: justify\">El acuerdo tiene como objetivo simplificar y coordinar los procedimientos aduaneros para facilitar el comercio entre los pa\u00edses \u00e1rabes miembros.<\/p>\n<p style=\"text-align: justify\">El Gabinete aprob\u00f3 la rehabilitaci\u00f3n del ferrocarril que vincula las minas de fosfato con el puerto de Tartous, adem\u00e1s de una serie de proyectos prioritarios de servicios y desarrollo en varias provincias.<\/p>\n<p style=\"text-align: justify\">la<\/p>\n","protected":false},"excerpt":{"rendered":"<p>Damasco, 09 jul (SANA) El Consejo de Ministros abord\u00f3 este martes \u00a0las medidas a tomar para garantizar una \u00f3ptima celebraci\u00f3n de las elecciones parlamentarias que tendr\u00e1n lugar el pr\u00f3ximo 15 de julio. Los ministros examinaron tambi\u00e9n una serie de asuntos de inter\u00e9s p\u00fablico, as\u00ed como el proyecto de instrumento legislativo que ratifica la adhesi\u00f3n de &hellip;<\/p>\n","protected":false},"author":24,"featured_media":333441,"comment_status":"closed","ping_status":"closed","sticky":false,"template":"","format":"standard","meta":{"footnotes":""},"categories":[477,597,20724,476,7541],"tags":[],"class_list":["post-333440","post","type-post","status-publish","format-standard","has-post-thumbnail","","category-noticias-edulcorantes","category-cinta-de-noticias","category-minuto-a-minuto","category-locales","category-ultimas-noticias"],"_links":{"self":[{"href":"https:\/\/archive.sana.sy\/es\/index.php?rest_route=\/wp\/v2\/posts\/333440"}],"collection":[{"href":"https:\/\/archive.sana.sy\/es\/index.php?rest_route=\/wp\/v2\/posts"}],"about":[{"href":"https:\/\/archive.sana.sy\/es\/index.php?rest_route=\/wp\/v2\/types\/post"}],"author":[{"embeddable":true,"href":"https:\/\/archive.sana.sy\/es\/index.php?rest_route=\/wp\/v2\/users\/24"}],"replies":[{"embeddable":true,"href":"https:\/\/archive.sana.sy\/es\/index.php?rest_route=%2Fwp%2Fv2%2Fcomments&post=333440"}],"version-history":[{"count":1,"href":"https:\/\/archive.sana.sy\/es\/index.php?rest_route=\/wp\/v2\/posts\/333440\/revisions"}],"predecessor-version":[{"id":333442,"href":"https:\/\/archive.sana.sy\/es\/index.php?rest_route=\/wp\/v2\/posts\/333440\/revisions\/333442"}],"wp:featuredmedia":[{"embeddable":true,"href":"https:\/\/archive.sana.sy\/es\/index.php?rest_route=\/wp\/v2\/media\/333441"}],"wp:attachment":[{"href":"https:\/\/archive.sana.sy\/es\/index.php?rest_route=%2Fwp%2Fv2%2Fmedia&parent=333440"}],"wp:term":[{"taxonomy":"category","embeddable":true,"href":"https:\/\/archive.sana.sy\/es\/index.php?rest_route=%2Fwp%2Fv2%2Fcategories&post=333440"},{"taxonomy":"post_tag","embeddable":true,"href":"https:\/\/archive.sana.sy\/es\/index.php?rest_route=%2Fwp%2Fv2%2Ftags&post=333440"}],"curies":[{"name":"wp","href":"https:\/\/api.w.org\/{rel}","templated":true}]}}