{"id":333447,"date":"2024-07-09T20:03:03","date_gmt":"2024-07-09T17:03:03","guid":{"rendered":"https:\/\/sana.sy\/es\/?p=333447"},"modified":"2024-07-09T20:13:35","modified_gmt":"2024-07-09T17:13:35","slug":"presidente-al-assad-destaca-con-su-homologo-irani-la-importancia-de-consolidar-la-cooperacion-binacional","status":"publish","type":"post","link":"https:\/\/archive.sana.sy\/es\/?p=333447","title":{"rendered":"Presidentes de Siria e Ir\u00e1n reafirman solidez de relaciones bilaterales"},"content":{"rendered":"<blockquote>\n<p style=\"text-align: justify\"><span style=\"color: #800000\">Al-Assad destaca con su hom\u00f3logo iran\u00ed la importancia de consolidar la cooperaci\u00f3n binacional<\/span><\/p>\n<\/blockquote>\n<p style=\"text-align: justify\"><span style=\"color: #800000\"><strong>Damasco, 09 jul (SANA)<\/strong><\/span> El presidente sirio Bashar Al-Assad, repas\u00f3 hoy con su hom\u00f3logo iran\u00ed Masoud Pezeshkian, las relaciones bilaterales y las perspectivas de fortalecerlas en los diferentes sectores.<\/p>\n<p style=\"text-align: justify\">Durante una conversaci\u00f3n telef\u00f3nica, el mandatario sirio destac\u00f3 que los lazos entre Teher\u00e1n y Damasco se basan en principios y en la lealtad mutua, y cobran importancia y fuerza de la resistencia a la hegemon\u00eda en una regi\u00f3n turbulenta que es blanco de ambiciones coloniales hist\u00f3ricas.<\/p>\n<p style=\"text-align: justify\">A su vez, el reci\u00e9n elegido presidente iran\u00ed reiter\u00f3 el apoyo de su pa\u00eds a Siria y a la Resistencia, y destac\u00f3 la importancia de consolidar la cooperaci\u00f3n binacional e implementar los acuerdos firmados de forma que traigan beneficio a ambos pueblos amigos.<\/p>\n<p style=\"text-align: justify\">\nla\/fm<\/p>\n","protected":false},"excerpt":{"rendered":"<p>Al-Assad destaca con su hom\u00f3logo iran\u00ed la importancia de consolidar la cooperaci\u00f3n binacional Damasco, 09 jul (SANA) El presidente sirio Bashar Al-Assad, repas\u00f3 hoy con su hom\u00f3logo iran\u00ed Masoud Pezeshkian, las relaciones bilaterales y las perspectivas de fortalecerlas en los diferentes sectores. Durante una conversaci\u00f3n telef\u00f3nica, el mandatario sirio destac\u00f3 que los lazos entre Teher\u00e1n &hellip;<\/p>\n","protected":false},"author":24,"featured_media":333451,"comment_status":"closed","ping_status":"closed","sticky":false,"template":"","format":"standard","meta":{"footnotes":""},"categories":[447,477,597,20724,476,448,16237,583,626],"tags":[],"class_list":["post-333447","post","type-post","status-publish","format-standard","has-post-thumbnail","","category-local-politica","category-noticias-edulcorantes","category-cinta-de-noticias","category-minuto-a-minuto","category-locales","category-noticias","category-presidence-de-la-republique-arabe-syria","category-slide","category-sr-presidente"],"_links":{"self":[{"href":"https:\/\/archive.sana.sy\/es\/index.php?rest_route=\/wp\/v2\/posts\/333447"}],"collection":[{"href":"https:\/\/archive.sana.sy\/es\/index.php?rest_route=\/wp\/v2\/posts"}],"about":[{"href":"https:\/\/archive.sana.sy\/es\/index.php?rest_route=\/wp\/v2\/types\/post"}],"author":[{"embeddable":true,"href":"https:\/\/archive.sana.sy\/es\/index.php?rest_route=\/wp\/v2\/users\/24"}],"replies":[{"embeddable":true,"href":"https:\/\/archive.sana.sy\/es\/index.php?rest_route=%2Fwp%2Fv2%2Fcomments&post=333447"}],"version-history":[{"count":5,"href":"https:\/\/archive.sana.sy\/es\/index.php?rest_route=\/wp\/v2\/posts\/333447\/revisions"}],"predecessor-version":[{"id":333454,"href":"https:\/\/archive.sana.sy\/es\/index.php?rest_route=\/wp\/v2\/posts\/333447\/revisions\/333454"}],"wp:featuredmedia":[{"embeddable":true,"href":"https:\/\/archive.sana.sy\/es\/index.php?rest_route=\/wp\/v2\/media\/333451"}],"wp:attachment":[{"href":"https:\/\/archive.sana.sy\/es\/index.php?rest_route=%2Fwp%2Fv2%2Fmedia&parent=333447"}],"wp:term":[{"taxonomy":"category","embeddable":true,"href":"https:\/\/archive.sana.sy\/es\/index.php?rest_route=%2Fwp%2Fv2%2Fcategories&post=333447"},{"taxonomy":"post_tag","embeddable":true,"href":"https:\/\/archive.sana.sy\/es\/index.php?rest_route=%2Fwp%2Fv2%2Ftags&post=333447"}],"curies":[{"name":"wp","href":"https:\/\/api.w.org\/{rel}","templated":true}]}}