{"id":333511,"date":"2024-07-11T05:40:27","date_gmt":"2024-07-11T02:40:27","guid":{"rendered":"https:\/\/sana.sy\/es\/?p=333511"},"modified":"2024-07-13T15:54:12","modified_gmt":"2024-07-13T12:54:12","slug":"conmemoran-en-siria-el-213-aniversario-de-independencia-de-venezuela","status":"publish","type":"post","link":"https:\/\/archive.sana.sy\/es\/?p=333511","title":{"rendered":"Conmemoran en Siria el 213 aniversario de independencia de Venezuela"},"content":{"rendered":"<p style=\"text-align: justify;\"><span style=\"color: #800000;\"><strong>Damasco, 11 jul (SANA)<\/strong> <\/span>Con ocasi\u00f3n del 213 aniversario de la independencia de la Rep\u00fablica Bolivariana de Venezuela, la embajada de esta naci\u00f3n sudamericana en Siria organiz\u00f3 una celebraci\u00f3n en la Casa Al-Assad para la Cultura y las Artes (La \u00f3pera).<\/p>\n<p style=\"text-align: justify;\"><img loading=\"lazy\" decoding=\"async\" class=\"wp-image-333513 alignleft\" src=\"http:\/\/sana.sy\/es\/wp-content\/uploads\/2024\/07\/photo_2024-07-10_23-39-36.jpg\" alt=\"\" width=\"393\" height=\"237\" srcset=\"https:\/\/archive.sana.sy\/es\/wp-content\/uploads\/2024\/07\/photo_2024-07-10_23-39-36.jpg 1280w, https:\/\/archive.sana.sy\/es\/wp-content\/uploads\/2024\/07\/photo_2024-07-10_23-39-36-300x181.jpg 300w, https:\/\/archive.sana.sy\/es\/wp-content\/uploads\/2024\/07\/photo_2024-07-10_23-39-36-1024x617.jpg 1024w, https:\/\/archive.sana.sy\/es\/wp-content\/uploads\/2024\/07\/photo_2024-07-10_23-39-36-150x90.jpg 150w, https:\/\/archive.sana.sy\/es\/wp-content\/uploads\/2024\/07\/photo_2024-07-10_23-39-36-768x463.jpg 768w\" sizes=\"(max-width: 393px) 100vw, 393px\" \/>En unas palabras pronunciadas durante el acto, el embajador venezolano Jos\u00e9 Gregorio Biomorgi, destac\u00f3 la firmeza de su pa\u00eds frente a los desaf\u00edos y las presiones ejercidas por Estados Unidos, y se refiri\u00f3 a la lucha, tanto de Siria como de Venezuela, contra el terrorismo y colonialismo en todas sus formas y manifestaciones.<\/p>\n<p style=\"text-align: justify;\">\u201cLas amenazas y presiones no pueden doblegar la voluntad del pueblo venezolano, que nunca acepta estar subordinado a ninguna fuerza externa\u201d, reafirm\u00f3 el diplom\u00e1tico.<\/p>\n<p style=\"text-align: justify;\">Denunci\u00f3 que el Gobierno de Estados Unidos aleg\u00f3 en 2015 que Caracas representa una amenaza para la seguridad nacional de Washington, en un intento de saquear las riquezas nacionales de Venezuela.<\/p>\n<p style=\"text-align: justify;\">El embajador reiter\u00f3 el apoyo de su pa\u00eds al pueblo palestino en su lucha hasta lograr la victoria y conden\u00f3 el genocidio que se est\u00e1 cometiendo por el ocupante israel\u00ed contra ni\u00f1os y mujeres.<\/p>\n<p style=\"text-align: justify;\">En un discurso pronunciado durante el evento, el ministro adjunto de Asuntos Exteriores y Expatriados, Ayman Raad, traslad\u00f3 las felicitaciones del canciller Faisal Al-Mekdad al gobierno y pueblo de Venezuela por el aniversario de la gesta independentista.<\/p>\n<p style=\"text-align: justify;\"><img loading=\"lazy\" decoding=\"async\" class=\"wp-image-333515 alignleft\" src=\"http:\/\/sana.sy\/es\/wp-content\/uploads\/2024\/07\/450540696_885879506903461_8247111954375124475_n.jpg\" alt=\"\" width=\"376\" height=\"233\" srcset=\"https:\/\/archive.sana.sy\/es\/wp-content\/uploads\/2024\/07\/450540696_885879506903461_8247111954375124475_n.jpg 2048w, https:\/\/archive.sana.sy\/es\/wp-content\/uploads\/2024\/07\/450540696_885879506903461_8247111954375124475_n-300x186.jpg 300w, https:\/\/archive.sana.sy\/es\/wp-content\/uploads\/2024\/07\/450540696_885879506903461_8247111954375124475_n-1024x635.jpg 1024w, https:\/\/archive.sana.sy\/es\/wp-content\/uploads\/2024\/07\/450540696_885879506903461_8247111954375124475_n-150x93.jpg 150w, https:\/\/archive.sana.sy\/es\/wp-content\/uploads\/2024\/07\/450540696_885879506903461_8247111954375124475_n-768x476.jpg 768w, https:\/\/archive.sana.sy\/es\/wp-content\/uploads\/2024\/07\/450540696_885879506903461_8247111954375124475_n-1536x953.jpg 1536w\" sizes=\"(max-width: 376px) 100vw, 376px\" \/>Manifest\u00f3 que las relaciones que unen a los dos pa\u00edses est\u00e1n arraigadas y profundas, y se caracterizan por la lucha com\u00fan frente a las presiones occidentales que pretenden socavar su firmeza y resistencia a la hegemon\u00eda estadounidense en el mundo.<\/p>\n<p style=\"text-align: justify;\">Raad reiter\u00f3 el inter\u00e9s de Damasco por fortalecer los nexos entre los dos pa\u00edses amigos y desarrollarlos en todos los campos y elevarlos al excelente nivel de las relaciones pol\u00edticas que los unen.<\/p>\n<p style=\"text-align: justify;\">Agradeci\u00f3 a Caracas por su posici\u00f3n firme y constante de apoyo a Siria durante la guerra terrorista impuesta al pa\u00eds desde 2011 y tambi\u00e9n por estar el lado del pueblo palestino que est\u00e1 sometido a un genocidio brutal sin precedentes.<\/p>\n<p style=\"text-align: justify;\">El alto funcionario sirio aclar\u00f3 que Damasco apoya a Venezuela en la celebraci\u00f3n de las elecciones presidenciales previstas para el d\u00eda 28 de este mes de conformidad con los principios de su Constituci\u00f3n y en una encarnaci\u00f3n de las aspiraciones y voluntad de su pueblo.<\/p>\n<p style=\"text-align: justify;\">La ceremonia incluy\u00f3 la proyecci\u00f3n de un documental sobre las etapas de la independencia venezolana, titulado: El Camino a Carabobo.<\/p>\n<p style=\"text-align: justify;\">fm<\/p>\n<p>&nbsp;<\/p>\n<p>&nbsp;<\/p>\n<div id='gallery-1' class='gallery galleryid-333511 gallery-columns-1 gallery-size-full'><figure class='gallery-item'>\n\t\t\t<div class='gallery-icon landscape'>\n\t\t\t\t<a href='https:\/\/archive.sana.sy\/es\/wp-content\/uploads\/2024\/07\/photo_2024-07-10_23-39-36.jpg'><img loading=\"lazy\" decoding=\"async\" width=\"1280\" height=\"771\" src=\"https:\/\/archive.sana.sy\/es\/wp-content\/uploads\/2024\/07\/photo_2024-07-10_23-39-36.jpg\" class=\"attachment-full size-full\" alt=\"\" srcset=\"https:\/\/archive.sana.sy\/es\/wp-content\/uploads\/2024\/07\/photo_2024-07-10_23-39-36.jpg 1280w, https:\/\/archive.sana.sy\/es\/wp-content\/uploads\/2024\/07\/photo_2024-07-10_23-39-36-300x181.jpg 300w, https:\/\/archive.sana.sy\/es\/wp-content\/uploads\/2024\/07\/photo_2024-07-10_23-39-36-1024x617.jpg 1024w, https:\/\/archive.sana.sy\/es\/wp-content\/uploads\/2024\/07\/photo_2024-07-10_23-39-36-150x90.jpg 150w, https:\/\/archive.sana.sy\/es\/wp-content\/uploads\/2024\/07\/photo_2024-07-10_23-39-36-768x463.jpg 768w\" sizes=\"(max-width: 1280px) 100vw, 1280px\" \/><\/a>\n\t\t\t<\/div><\/figure><figure class='gallery-item'>\n\t\t\t<div class='gallery-icon landscape'>\n\t\t\t\t<a href='https:\/\/archive.sana.sy\/es\/wp-content\/uploads\/2024\/07\/450766275_885879453570133_5467469172959805589_n.jpg'><img loading=\"lazy\" decoding=\"async\" width=\"2048\" height=\"1247\" src=\"https:\/\/archive.sana.sy\/es\/wp-content\/uploads\/2024\/07\/450766275_885879453570133_5467469172959805589_n.jpg\" class=\"attachment-full size-full\" alt=\"\" srcset=\"https:\/\/archive.sana.sy\/es\/wp-content\/uploads\/2024\/07\/450766275_885879453570133_5467469172959805589_n.jpg 2048w, https:\/\/archive.sana.sy\/es\/wp-content\/uploads\/2024\/07\/450766275_885879453570133_5467469172959805589_n-300x183.jpg 300w, https:\/\/archive.sana.sy\/es\/wp-content\/uploads\/2024\/07\/450766275_885879453570133_5467469172959805589_n-1024x624.jpg 1024w, https:\/\/archive.sana.sy\/es\/wp-content\/uploads\/2024\/07\/450766275_885879453570133_5467469172959805589_n-150x91.jpg 150w, https:\/\/archive.sana.sy\/es\/wp-content\/uploads\/2024\/07\/450766275_885879453570133_5467469172959805589_n-768x468.jpg 768w, https:\/\/archive.sana.sy\/es\/wp-content\/uploads\/2024\/07\/450766275_885879453570133_5467469172959805589_n-1536x935.jpg 1536w\" sizes=\"(max-width: 2048px) 100vw, 2048px\" \/><\/a>\n\t\t\t<\/div><\/figure><figure class='gallery-item'>\n\t\t\t<div class='gallery-icon landscape'>\n\t\t\t\t<a href='https:\/\/archive.sana.sy\/es\/wp-content\/uploads\/2024\/07\/450540696_885879506903461_8247111954375124475_n.jpg'><img loading=\"lazy\" decoding=\"async\" width=\"2048\" height=\"1270\" src=\"https:\/\/archive.sana.sy\/es\/wp-content\/uploads\/2024\/07\/450540696_885879506903461_8247111954375124475_n.jpg\" class=\"attachment-full size-full\" alt=\"\" srcset=\"https:\/\/archive.sana.sy\/es\/wp-content\/uploads\/2024\/07\/450540696_885879506903461_8247111954375124475_n.jpg 2048w, https:\/\/archive.sana.sy\/es\/wp-content\/uploads\/2024\/07\/450540696_885879506903461_8247111954375124475_n-300x186.jpg 300w, https:\/\/archive.sana.sy\/es\/wp-content\/uploads\/2024\/07\/450540696_885879506903461_8247111954375124475_n-1024x635.jpg 1024w, https:\/\/archive.sana.sy\/es\/wp-content\/uploads\/2024\/07\/450540696_885879506903461_8247111954375124475_n-150x93.jpg 150w, https:\/\/archive.sana.sy\/es\/wp-content\/uploads\/2024\/07\/450540696_885879506903461_8247111954375124475_n-768x476.jpg 768w, https:\/\/archive.sana.sy\/es\/wp-content\/uploads\/2024\/07\/450540696_885879506903461_8247111954375124475_n-1536x953.jpg 1536w\" sizes=\"(max-width: 2048px) 100vw, 2048px\" \/><\/a>\n\t\t\t<\/div><\/figure><figure class='gallery-item'>\n\t\t\t<div class='gallery-icon landscape'>\n\t\t\t\t<a href='https:\/\/archive.sana.sy\/es\/wp-content\/uploads\/2024\/07\/450645735_885879526903459_3947431328510912090_n.jpg'><img loading=\"lazy\" decoding=\"async\" width=\"2048\" height=\"1376\" src=\"https:\/\/archive.sana.sy\/es\/wp-content\/uploads\/2024\/07\/450645735_885879526903459_3947431328510912090_n.jpg\" class=\"attachment-full size-full\" alt=\"\" srcset=\"https:\/\/archive.sana.sy\/es\/wp-content\/uploads\/2024\/07\/450645735_885879526903459_3947431328510912090_n.jpg 2048w, https:\/\/archive.sana.sy\/es\/wp-content\/uploads\/2024\/07\/450645735_885879526903459_3947431328510912090_n-300x202.jpg 300w, https:\/\/archive.sana.sy\/es\/wp-content\/uploads\/2024\/07\/450645735_885879526903459_3947431328510912090_n-1024x688.jpg 1024w, https:\/\/archive.sana.sy\/es\/wp-content\/uploads\/2024\/07\/450645735_885879526903459_3947431328510912090_n-150x101.jpg 150w, https:\/\/archive.sana.sy\/es\/wp-content\/uploads\/2024\/07\/450645735_885879526903459_3947431328510912090_n-768x516.jpg 768w, https:\/\/archive.sana.sy\/es\/wp-content\/uploads\/2024\/07\/450645735_885879526903459_3947431328510912090_n-1536x1032.jpg 1536w, https:\/\/archive.sana.sy\/es\/wp-content\/uploads\/2024\/07\/450645735_885879526903459_3947431328510912090_n-110x75.jpg 110w\" sizes=\"(max-width: 2048px) 100vw, 2048px\" \/><\/a>\n\t\t\t<\/div><\/figure><figure class='gallery-item'>\n\t\t\t<div class='gallery-icon landscape'>\n\t\t\t\t<a href='https:\/\/archive.sana.sy\/es\/wp-content\/uploads\/2024\/07\/photo_2024-07-10_23-39-52.jpg'><img loading=\"lazy\" decoding=\"async\" width=\"1280\" height=\"802\" src=\"https:\/\/archive.sana.sy\/es\/wp-content\/uploads\/2024\/07\/photo_2024-07-10_23-39-52.jpg\" class=\"attachment-full size-full\" alt=\"\" srcset=\"https:\/\/archive.sana.sy\/es\/wp-content\/uploads\/2024\/07\/photo_2024-07-10_23-39-52.jpg 1280w, https:\/\/archive.sana.sy\/es\/wp-content\/uploads\/2024\/07\/photo_2024-07-10_23-39-52-300x188.jpg 300w, https:\/\/archive.sana.sy\/es\/wp-content\/uploads\/2024\/07\/photo_2024-07-10_23-39-52-1024x642.jpg 1024w, https:\/\/archive.sana.sy\/es\/wp-content\/uploads\/2024\/07\/photo_2024-07-10_23-39-52-150x94.jpg 150w, https:\/\/archive.sana.sy\/es\/wp-content\/uploads\/2024\/07\/photo_2024-07-10_23-39-52-768x481.jpg 768w\" sizes=\"(max-width: 1280px) 100vw, 1280px\" \/><\/a>\n\t\t\t<\/div><\/figure>\n\t\t<\/div>\n\n<p><iframe loading=\"lazy\" title=\"Conmemoran en Siria aniversario de independencia de Venezuela\" src=\"https:\/\/www.youtube.com\/embed\/Tv9aB8BK_90\" width=\"800\" height=\"400\" frameborder=\"0\" allowfullscreen=\"allowfullscreen\"><span data-mce-type=\"bookmark\" style=\"display: inline-block; width: 0px; overflow: hidden; line-height: 0;\" class=\"mce_SELRES_start\">\ufeff<\/span><\/iframe><\/p>\n","protected":false},"excerpt":{"rendered":"<p>Damasco, 11 jul (SANA) Con ocasi\u00f3n del 213 aniversario de la independencia de la Rep\u00fablica Bolivariana de Venezuela, la embajada de esta naci\u00f3n sudamericana en Siria organiz\u00f3 una celebraci\u00f3n en la Casa Al-Assad para la Cultura y las Artes (La \u00f3pera). En unas palabras pronunciadas durante el acto, el embajador venezolano Jos\u00e9 Gregorio Biomorgi, destac\u00f3 &hellip;<\/p>\n","protected":false},"author":34,"featured_media":333512,"comment_status":"closed","ping_status":"closed","sticky":false,"template":"","format":"standard","meta":{"footnotes":""},"categories":[597,20724,467,583],"tags":[],"class_list":["post-333511","post","type-post","status-publish","format-standard","has-post-thumbnail","","category-cinta-de-noticias","category-minuto-a-minuto","category-siria-y-el-mundo","category-slide"],"_links":{"self":[{"href":"https:\/\/archive.sana.sy\/es\/index.php?rest_route=\/wp\/v2\/posts\/333511"}],"collection":[{"href":"https:\/\/archive.sana.sy\/es\/index.php?rest_route=\/wp\/v2\/posts"}],"about":[{"href":"https:\/\/archive.sana.sy\/es\/index.php?rest_route=\/wp\/v2\/types\/post"}],"author":[{"embeddable":true,"href":"https:\/\/archive.sana.sy\/es\/index.php?rest_route=\/wp\/v2\/users\/34"}],"replies":[{"embeddable":true,"href":"https:\/\/archive.sana.sy\/es\/index.php?rest_route=%2Fwp%2Fv2%2Fcomments&post=333511"}],"version-history":[{"count":4,"href":"https:\/\/archive.sana.sy\/es\/index.php?rest_route=\/wp\/v2\/posts\/333511\/revisions"}],"predecessor-version":[{"id":333702,"href":"https:\/\/archive.sana.sy\/es\/index.php?rest_route=\/wp\/v2\/posts\/333511\/revisions\/333702"}],"wp:featuredmedia":[{"embeddable":true,"href":"https:\/\/archive.sana.sy\/es\/index.php?rest_route=\/wp\/v2\/media\/333512"}],"wp:attachment":[{"href":"https:\/\/archive.sana.sy\/es\/index.php?rest_route=%2Fwp%2Fv2%2Fmedia&parent=333511"}],"wp:term":[{"taxonomy":"category","embeddable":true,"href":"https:\/\/archive.sana.sy\/es\/index.php?rest_route=%2Fwp%2Fv2%2Fcategories&post=333511"},{"taxonomy":"post_tag","embeddable":true,"href":"https:\/\/archive.sana.sy\/es\/index.php?rest_route=%2Fwp%2Fv2%2Ftags&post=333511"}],"curies":[{"name":"wp","href":"https:\/\/api.w.org\/{rel}","templated":true}]}}