{"id":333520,"date":"2024-07-11T18:45:32","date_gmt":"2024-07-11T15:45:32","guid":{"rendered":"https:\/\/sana.sy\/es\/?p=333520"},"modified":"2024-07-11T18:48:29","modified_gmt":"2024-07-11T15:48:29","slug":"alepo-completa-rehabilitacion-de-316-escuelas-danadas-por-el-terremoto-fotos","status":"publish","type":"post","link":"https:\/\/archive.sana.sy\/es\/?p=333520","title":{"rendered":"Alepo completa rehabilitaci\u00f3n de 316 escuelas da\u00f1adas por el terremoto (+ fotos)"},"content":{"rendered":"<p style=\"text-align: justify;\"><span style=\"color: #800000;\"><strong>Alepo, 11 jul (SANA)\u00a0<\/strong> <\/span>El Departamento de Educaci\u00f3n de la provincia norte\u00f1a siria de Alepo anunci\u00f3 el completamiento de las obras de rehabilitaci\u00f3n y mantenimiento de 316 escuelas que resultaron da\u00f1adas por el terremoto que sacudi\u00f3 el pa\u00eds en febrero del 2023.<\/p>\n<p style=\"text-align: justify;\">El director del referido departamento Mustafa Abdel Ghani, declar\u00f3 a SANA que el n\u00famero de escuelas da\u00f1adas por el terremoto alcanz\u00f3 1.019 \u00a0en Alepo, y la labor de rehabilitaci\u00f3n se lleva a cabo en cooperaci\u00f3n con algunas organizaciones internacionales y asociaciones civiles.<\/p>\n<p style=\"text-align: justify;\">\u201cSe evalu\u00f3 y se aprob\u00f3 el mantenimiento de 349 escuelas da\u00f1adas y se completaron los trabajos en 316, mientras que 30 escuelas fueron incluidas dentro del pr\u00f3ximo plan de mantenimiento, precis\u00f3.<\/p>\n<p style=\"text-align: justify;\">Abdul-Ghani a\u00f1adi\u00f3 que el n\u00famero de escuelas en Alepo llega a 1.881 escuelas y con capacidad de recibir a m\u00e1s de 600.000 estudiantes.<\/p>\n<p style=\"text-align: justify;\">Por su parte, el jefe del Departamento de Planificaci\u00f3n y Cooperaci\u00f3n Internacional, Firas Al-Ali, explic\u00f3 que los da\u00f1os sufridos por estas escuelas oscilaron entre leves y moderados, y se est\u00e1n retirando los escombros y demoliendo las partes da\u00f1adas de las mismas.<\/p>\n<p style=\"text-align: justify;\">Hay gran inter\u00e9s por acelerar los trabajos de restauraci\u00f3n con el fin de resolver el problema de la densidad de clases y lograr una educaci\u00f3n de calidad y mejorar su entorno, puntualiz\u00f3 el directivo.<\/p>\n<p style=\"text-align: justify;\">fm<\/p>\n<div id='gallery-1' class='gallery galleryid-333520 gallery-columns-1 gallery-size-full'><figure class='gallery-item'>\n\t\t\t<div class='gallery-icon landscape'>\n\t\t\t\t<a href='https:\/\/archive.sana.sy\/es\/wp-content\/uploads\/2024\/07\/450863879_885808786910533_5365256352289333778_n.jpg'><img loading=\"lazy\" decoding=\"async\" width=\"2048\" height=\"1366\" src=\"https:\/\/archive.sana.sy\/es\/wp-content\/uploads\/2024\/07\/450863879_885808786910533_5365256352289333778_n.jpg\" class=\"attachment-full size-full\" alt=\"\" srcset=\"https:\/\/archive.sana.sy\/es\/wp-content\/uploads\/2024\/07\/450863879_885808786910533_5365256352289333778_n.jpg 2048w, https:\/\/archive.sana.sy\/es\/wp-content\/uploads\/2024\/07\/450863879_885808786910533_5365256352289333778_n-300x200.jpg 300w, https:\/\/archive.sana.sy\/es\/wp-content\/uploads\/2024\/07\/450863879_885808786910533_5365256352289333778_n-1024x683.jpg 1024w, https:\/\/archive.sana.sy\/es\/wp-content\/uploads\/2024\/07\/450863879_885808786910533_5365256352289333778_n-150x100.jpg 150w, https:\/\/archive.sana.sy\/es\/wp-content\/uploads\/2024\/07\/450863879_885808786910533_5365256352289333778_n-768x512.jpg 768w, https:\/\/archive.sana.sy\/es\/wp-content\/uploads\/2024\/07\/450863879_885808786910533_5365256352289333778_n-1536x1025.jpg 1536w\" sizes=\"(max-width: 2048px) 100vw, 2048px\" \/><\/a>\n\t\t\t<\/div><\/figure><figure class='gallery-item'>\n\t\t\t<div class='gallery-icon landscape'>\n\t\t\t\t<a href='https:\/\/archive.sana.sy\/es\/wp-content\/uploads\/2024\/07\/450543574_885808746910537_7471324846887053028_n.jpg'><img loading=\"lazy\" decoding=\"async\" width=\"2048\" height=\"1260\" src=\"https:\/\/archive.sana.sy\/es\/wp-content\/uploads\/2024\/07\/450543574_885808746910537_7471324846887053028_n.jpg\" class=\"attachment-full size-full\" alt=\"\" srcset=\"https:\/\/archive.sana.sy\/es\/wp-content\/uploads\/2024\/07\/450543574_885808746910537_7471324846887053028_n.jpg 2048w, https:\/\/archive.sana.sy\/es\/wp-content\/uploads\/2024\/07\/450543574_885808746910537_7471324846887053028_n-300x185.jpg 300w, https:\/\/archive.sana.sy\/es\/wp-content\/uploads\/2024\/07\/450543574_885808746910537_7471324846887053028_n-1024x630.jpg 1024w, https:\/\/archive.sana.sy\/es\/wp-content\/uploads\/2024\/07\/450543574_885808746910537_7471324846887053028_n-150x92.jpg 150w, https:\/\/archive.sana.sy\/es\/wp-content\/uploads\/2024\/07\/450543574_885808746910537_7471324846887053028_n-768x473.jpg 768w, https:\/\/archive.sana.sy\/es\/wp-content\/uploads\/2024\/07\/450543574_885808746910537_7471324846887053028_n-1536x945.jpg 1536w\" sizes=\"(max-width: 2048px) 100vw, 2048px\" \/><\/a>\n\t\t\t<\/div><\/figure><figure class='gallery-item'>\n\t\t\t<div class='gallery-icon landscape'>\n\t\t\t\t<a href='https:\/\/archive.sana.sy\/es\/wp-content\/uploads\/2024\/07\/450540676_885808803577198_1026423368306724195_n.jpg'><img loading=\"lazy\" decoding=\"async\" width=\"2048\" height=\"1314\" src=\"https:\/\/archive.sana.sy\/es\/wp-content\/uploads\/2024\/07\/450540676_885808803577198_1026423368306724195_n.jpg\" class=\"attachment-full size-full\" alt=\"\" srcset=\"https:\/\/archive.sana.sy\/es\/wp-content\/uploads\/2024\/07\/450540676_885808803577198_1026423368306724195_n.jpg 2048w, https:\/\/archive.sana.sy\/es\/wp-content\/uploads\/2024\/07\/450540676_885808803577198_1026423368306724195_n-300x192.jpg 300w, https:\/\/archive.sana.sy\/es\/wp-content\/uploads\/2024\/07\/450540676_885808803577198_1026423368306724195_n-1024x657.jpg 1024w, https:\/\/archive.sana.sy\/es\/wp-content\/uploads\/2024\/07\/450540676_885808803577198_1026423368306724195_n-150x96.jpg 150w, https:\/\/archive.sana.sy\/es\/wp-content\/uploads\/2024\/07\/450540676_885808803577198_1026423368306724195_n-768x493.jpg 768w, https:\/\/archive.sana.sy\/es\/wp-content\/uploads\/2024\/07\/450540676_885808803577198_1026423368306724195_n-1536x986.jpg 1536w\" sizes=\"(max-width: 2048px) 100vw, 2048px\" \/><\/a>\n\t\t\t<\/div><\/figure><figure class='gallery-item'>\n\t\t\t<div class='gallery-icon landscape'>\n\t\t\t\t<a href='https:\/\/archive.sana.sy\/es\/wp-content\/uploads\/2024\/07\/450546774_885808823577196_3023431142815086022_n.jpg'><img loading=\"lazy\" decoding=\"async\" width=\"2048\" height=\"1366\" src=\"https:\/\/archive.sana.sy\/es\/wp-content\/uploads\/2024\/07\/450546774_885808823577196_3023431142815086022_n.jpg\" class=\"attachment-full size-full\" alt=\"\" srcset=\"https:\/\/archive.sana.sy\/es\/wp-content\/uploads\/2024\/07\/450546774_885808823577196_3023431142815086022_n.jpg 2048w, https:\/\/archive.sana.sy\/es\/wp-content\/uploads\/2024\/07\/450546774_885808823577196_3023431142815086022_n-300x200.jpg 300w, https:\/\/archive.sana.sy\/es\/wp-content\/uploads\/2024\/07\/450546774_885808823577196_3023431142815086022_n-1024x683.jpg 1024w, https:\/\/archive.sana.sy\/es\/wp-content\/uploads\/2024\/07\/450546774_885808823577196_3023431142815086022_n-150x100.jpg 150w, https:\/\/archive.sana.sy\/es\/wp-content\/uploads\/2024\/07\/450546774_885808823577196_3023431142815086022_n-768x512.jpg 768w, https:\/\/archive.sana.sy\/es\/wp-content\/uploads\/2024\/07\/450546774_885808823577196_3023431142815086022_n-1536x1025.jpg 1536w\" sizes=\"(max-width: 2048px) 100vw, 2048px\" \/><\/a>\n\t\t\t<\/div><\/figure>\n\t\t<\/div>\n\n","protected":false},"excerpt":{"rendered":"<p>Alepo, 11 jul (SANA)\u00a0 El Departamento de Educaci\u00f3n de la provincia norte\u00f1a siria de Alepo anunci\u00f3 el completamiento de las obras de rehabilitaci\u00f3n y mantenimiento de 316 escuelas que resultaron da\u00f1adas por el terremoto que sacudi\u00f3 el pa\u00eds en febrero del 2023. El director del referido departamento Mustafa Abdel Ghani, declar\u00f3 a SANA que el &hellip;<\/p>\n","protected":false},"author":34,"featured_media":333521,"comment_status":"closed","ping_status":"closed","sticky":false,"template":"","format":"standard","meta":{"footnotes":""},"categories":[477,447,597,16686,20724,476,7541],"tags":[],"class_list":["post-333520","post","type-post","status-publish","format-standard","has-post-thumbnail","","category-noticias-edulcorantes","category-local-politica","category-cinta-de-noticias","category-economia","category-minuto-a-minuto","category-locales","category-ultimas-noticias"],"_links":{"self":[{"href":"https:\/\/archive.sana.sy\/es\/index.php?rest_route=\/wp\/v2\/posts\/333520"}],"collection":[{"href":"https:\/\/archive.sana.sy\/es\/index.php?rest_route=\/wp\/v2\/posts"}],"about":[{"href":"https:\/\/archive.sana.sy\/es\/index.php?rest_route=\/wp\/v2\/types\/post"}],"author":[{"embeddable":true,"href":"https:\/\/archive.sana.sy\/es\/index.php?rest_route=\/wp\/v2\/users\/34"}],"replies":[{"embeddable":true,"href":"https:\/\/archive.sana.sy\/es\/index.php?rest_route=%2Fwp%2Fv2%2Fcomments&post=333520"}],"version-history":[{"count":1,"href":"https:\/\/archive.sana.sy\/es\/index.php?rest_route=\/wp\/v2\/posts\/333520\/revisions"}],"predecessor-version":[{"id":333526,"href":"https:\/\/archive.sana.sy\/es\/index.php?rest_route=\/wp\/v2\/posts\/333520\/revisions\/333526"}],"wp:featuredmedia":[{"embeddable":true,"href":"https:\/\/archive.sana.sy\/es\/index.php?rest_route=\/wp\/v2\/media\/333521"}],"wp:attachment":[{"href":"https:\/\/archive.sana.sy\/es\/index.php?rest_route=%2Fwp%2Fv2%2Fmedia&parent=333520"}],"wp:term":[{"taxonomy":"category","embeddable":true,"href":"https:\/\/archive.sana.sy\/es\/index.php?rest_route=%2Fwp%2Fv2%2Fcategories&post=333520"},{"taxonomy":"post_tag","embeddable":true,"href":"https:\/\/archive.sana.sy\/es\/index.php?rest_route=%2Fwp%2Fv2%2Ftags&post=333520"}],"curies":[{"name":"wp","href":"https:\/\/api.w.org\/{rel}","templated":true}]}}