{"id":333535,"date":"2024-07-11T13:23:35","date_gmt":"2024-07-11T10:23:35","guid":{"rendered":"https:\/\/sana.sy\/es\/?p=333535"},"modified":"2024-07-11T18:24:10","modified_gmt":"2024-07-11T15:24:10","slug":"nuevo-grupo-de-refugiados-sirios-regresa-a-su-pais-desde-libano","status":"publish","type":"post","link":"https:\/\/archive.sana.sy\/es\/?p=333535","title":{"rendered":"Nuevo grupo de refugiados sirios regresa a su pa\u00eds desde L\u00edbano"},"content":{"rendered":"<p style=\"text-align: justify;\"><span style=\"color: #800000;\"><strong>Damasco, 11jun (SANA)\u00a0 <\/strong><\/span>Decenas de familias sirias desplazadas y residentes en el L\u00edbano regresaron hoy a su pa\u00eds natal, Siria, a trav\u00e9s del cruce fronterizo de Al-Zamrani en la provincia de Damasco-campo.<\/p>\n<p style=\"text-align: justify;\">El corresponsal de SANA a la referida localidad declar\u00f3 que 311 sirios desplazados llegaron desde el L\u00edbano, atravesaron el mencionado cruce con sus pertenencias y se dirigieron en camiones y autobuses a sus localidades liberadas del terrorismo.<\/p>\n<p style=\"text-align: justify;\">El vicegobernador de Damasco-campo, Jassem Al-Mahmoud, indic\u00f3 que las autoridades pertinentes se han movilizado para hacer los preparativos necesarios para recibir a los desplazados que regresaron, lo que facilitar\u00e1 su acceso a sus hogares lo m\u00e1s r\u00e1pido posible.<\/p>\n<p style=\"text-align: justify;\">Por su parte, una fuente sobre el terreno se\u00f1al\u00f3 que el regreso de los sirios desplazados contin\u00faa, pero actualmente a un ritmo irregular, y que en el pr\u00f3ximo per\u00edodo se presenciar\u00e1 el regreso de nuevos grupos en mayor n\u00famero.<\/p>\n<p style=\"text-align: justify;\">En mayo pasado, cientos de refugiados que residen en el pa\u00eds de los cedros retornaron a sus hogares a trav\u00e9s de los cruces fronterizos de Al-Zamrani en la provincia de Damasco-campo y de Jusiyah en la provincia de Homs.<\/p>\n<div id='gallery-1' class='gallery galleryid-333535 gallery-columns-1 gallery-size-full'><figure class='gallery-item'>\n\t\t\t<div class='gallery-icon landscape'>\n\t\t\t\t<a href='https:\/\/archive.sana.sy\/es\/wp-content\/uploads\/2024\/07\/refugiados.jpg'><img loading=\"lazy\" decoding=\"async\" width=\"660\" height=\"330\" src=\"https:\/\/archive.sana.sy\/es\/wp-content\/uploads\/2024\/07\/refugiados.jpg\" class=\"attachment-full size-full\" alt=\"\" srcset=\"https:\/\/archive.sana.sy\/es\/wp-content\/uploads\/2024\/07\/refugiados.jpg 660w, https:\/\/archive.sana.sy\/es\/wp-content\/uploads\/2024\/07\/refugiados-300x150.jpg 300w, https:\/\/archive.sana.sy\/es\/wp-content\/uploads\/2024\/07\/refugiados-150x75.jpg 150w\" sizes=\"(max-width: 660px) 100vw, 660px\" \/><\/a>\n\t\t\t<\/div><\/figure><figure class='gallery-item'>\n\t\t\t<div class='gallery-icon landscape'>\n\t\t\t\t<a href='https:\/\/archive.sana.sy\/es\/wp-content\/uploads\/2024\/07\/2-1-scaled.jpg'><img loading=\"lazy\" decoding=\"async\" width=\"2560\" height=\"1689\" src=\"https:\/\/archive.sana.sy\/es\/wp-content\/uploads\/2024\/07\/2-1-scaled.jpg\" class=\"attachment-full size-full\" alt=\"\" srcset=\"https:\/\/archive.sana.sy\/es\/wp-content\/uploads\/2024\/07\/2-1-scaled.jpg 2560w, https:\/\/archive.sana.sy\/es\/wp-content\/uploads\/2024\/07\/2-1-300x198.jpg 300w, https:\/\/archive.sana.sy\/es\/wp-content\/uploads\/2024\/07\/2-1-1024x675.jpg 1024w, https:\/\/archive.sana.sy\/es\/wp-content\/uploads\/2024\/07\/2-1-150x99.jpg 150w, https:\/\/archive.sana.sy\/es\/wp-content\/uploads\/2024\/07\/2-1-768x507.jpg 768w, https:\/\/archive.sana.sy\/es\/wp-content\/uploads\/2024\/07\/2-1-1536x1013.jpg 1536w, https:\/\/archive.sana.sy\/es\/wp-content\/uploads\/2024\/07\/2-1-2048x1351.jpg 2048w, https:\/\/archive.sana.sy\/es\/wp-content\/uploads\/2024\/07\/2-1-310x205.jpg 310w\" sizes=\"(max-width: 2560px) 100vw, 2560px\" \/><\/a>\n\t\t\t<\/div><\/figure><figure class='gallery-item'>\n\t\t\t<div class='gallery-icon landscape'>\n\t\t\t\t<a href='https:\/\/archive.sana.sy\/es\/wp-content\/uploads\/2024\/07\/refugiados000.jpg'><img loading=\"lazy\" decoding=\"async\" width=\"660\" height=\"440\" src=\"https:\/\/archive.sana.sy\/es\/wp-content\/uploads\/2024\/07\/refugiados000.jpg\" class=\"attachment-full size-full\" alt=\"\" srcset=\"https:\/\/archive.sana.sy\/es\/wp-content\/uploads\/2024\/07\/refugiados000.jpg 660w, https:\/\/archive.sana.sy\/es\/wp-content\/uploads\/2024\/07\/refugiados000-300x200.jpg 300w, https:\/\/archive.sana.sy\/es\/wp-content\/uploads\/2024\/07\/refugiados000-150x100.jpg 150w\" sizes=\"(max-width: 660px) 100vw, 660px\" \/><\/a>\n\t\t\t<\/div><\/figure><figure class='gallery-item'>\n\t\t\t<div class='gallery-icon landscape'>\n\t\t\t\t<a href='https:\/\/archive.sana.sy\/es\/wp-content\/uploads\/2024\/07\/refugiados01.jpg'><img loading=\"lazy\" decoding=\"async\" width=\"660\" height=\"440\" src=\"https:\/\/archive.sana.sy\/es\/wp-content\/uploads\/2024\/07\/refugiados01.jpg\" class=\"attachment-full size-full\" alt=\"\" srcset=\"https:\/\/archive.sana.sy\/es\/wp-content\/uploads\/2024\/07\/refugiados01.jpg 660w, https:\/\/archive.sana.sy\/es\/wp-content\/uploads\/2024\/07\/refugiados01-300x200.jpg 300w, https:\/\/archive.sana.sy\/es\/wp-content\/uploads\/2024\/07\/refugiados01-150x100.jpg 150w\" sizes=\"(max-width: 660px) 100vw, 660px\" \/><\/a>\n\t\t\t<\/div><\/figure><figure class='gallery-item'>\n\t\t\t<div class='gallery-icon landscape'>\n\t\t\t\t<a href='https:\/\/archive.sana.sy\/es\/wp-content\/uploads\/2024\/07\/2-2-scaled.jpg'><img loading=\"lazy\" decoding=\"async\" width=\"2560\" height=\"1456\" src=\"https:\/\/archive.sana.sy\/es\/wp-content\/uploads\/2024\/07\/2-2-scaled.jpg\" class=\"attachment-full size-full\" alt=\"\" srcset=\"https:\/\/archive.sana.sy\/es\/wp-content\/uploads\/2024\/07\/2-2-scaled.jpg 2560w, https:\/\/archive.sana.sy\/es\/wp-content\/uploads\/2024\/07\/2-2-300x171.jpg 300w, https:\/\/archive.sana.sy\/es\/wp-content\/uploads\/2024\/07\/2-2-1024x582.jpg 1024w, https:\/\/archive.sana.sy\/es\/wp-content\/uploads\/2024\/07\/2-2-150x85.jpg 150w, https:\/\/archive.sana.sy\/es\/wp-content\/uploads\/2024\/07\/2-2-768x437.jpg 768w, https:\/\/archive.sana.sy\/es\/wp-content\/uploads\/2024\/07\/2-2-1536x874.jpg 1536w, https:\/\/archive.sana.sy\/es\/wp-content\/uploads\/2024\/07\/2-2-2048x1165.jpg 2048w\" sizes=\"(max-width: 2560px) 100vw, 2560px\" \/><\/a>\n\t\t\t<\/div><\/figure><figure class='gallery-item'>\n\t\t\t<div class='gallery-icon landscape'>\n\t\t\t\t<a href='https:\/\/archive.sana.sy\/es\/wp-content\/uploads\/2024\/07\/refugiados0.jpg'><img loading=\"lazy\" decoding=\"async\" width=\"660\" height=\"440\" src=\"https:\/\/archive.sana.sy\/es\/wp-content\/uploads\/2024\/07\/refugiados0.jpg\" class=\"attachment-full size-full\" alt=\"\" srcset=\"https:\/\/archive.sana.sy\/es\/wp-content\/uploads\/2024\/07\/refugiados0.jpg 660w, https:\/\/archive.sana.sy\/es\/wp-content\/uploads\/2024\/07\/refugiados0-300x200.jpg 300w, https:\/\/archive.sana.sy\/es\/wp-content\/uploads\/2024\/07\/refugiados0-150x100.jpg 150w\" sizes=\"(max-width: 660px) 100vw, 660px\" \/><\/a>\n\t\t\t<\/div><\/figure><figure class='gallery-item'>\n\t\t\t<div class='gallery-icon landscape'>\n\t\t\t\t<a href='https:\/\/archive.sana.sy\/es\/wp-content\/uploads\/2024\/07\/2-3-scaled.jpg'><img loading=\"lazy\" decoding=\"async\" width=\"2560\" height=\"1327\" src=\"https:\/\/archive.sana.sy\/es\/wp-content\/uploads\/2024\/07\/2-3-scaled.jpg\" class=\"attachment-full size-full\" alt=\"\" srcset=\"https:\/\/archive.sana.sy\/es\/wp-content\/uploads\/2024\/07\/2-3-scaled.jpg 2560w, https:\/\/archive.sana.sy\/es\/wp-content\/uploads\/2024\/07\/2-3-300x155.jpg 300w, https:\/\/archive.sana.sy\/es\/wp-content\/uploads\/2024\/07\/2-3-1024x531.jpg 1024w, https:\/\/archive.sana.sy\/es\/wp-content\/uploads\/2024\/07\/2-3-150x78.jpg 150w, https:\/\/archive.sana.sy\/es\/wp-content\/uploads\/2024\/07\/2-3-768x398.jpg 768w, https:\/\/archive.sana.sy\/es\/wp-content\/uploads\/2024\/07\/2-3-1536x796.jpg 1536w, https:\/\/archive.sana.sy\/es\/wp-content\/uploads\/2024\/07\/2-3-2048x1061.jpg 2048w\" sizes=\"(max-width: 2560px) 100vw, 2560px\" \/><\/a>\n\t\t\t<\/div><\/figure>\n\t\t<\/div>\n\n<p style=\"text-align: justify;\"><strong>ws\/fm\/sm<\/strong><\/p>\n","protected":false},"excerpt":{"rendered":"<p>Damasco, 11jun (SANA)\u00a0 Decenas de familias sirias desplazadas y residentes en el L\u00edbano regresaron hoy a su pa\u00eds natal, Siria, a trav\u00e9s del cruce fronterizo de Al-Zamrani en la provincia de Damasco-campo. El corresponsal de SANA a la referida localidad declar\u00f3 que 311 sirios desplazados llegaron desde el L\u00edbano, atravesaron el mencionado cruce con sus &hellip;<\/p>\n","protected":false},"author":35,"featured_media":333536,"comment_status":"closed","ping_status":"closed","sticky":false,"template":"","format":"standard","meta":{"footnotes":""},"categories":[477,597,20724,476,7541],"tags":[],"class_list":["post-333535","post","type-post","status-publish","format-standard","has-post-thumbnail","","category-noticias-edulcorantes","category-cinta-de-noticias","category-minuto-a-minuto","category-locales","category-ultimas-noticias"],"_links":{"self":[{"href":"https:\/\/archive.sana.sy\/es\/index.php?rest_route=\/wp\/v2\/posts\/333535"}],"collection":[{"href":"https:\/\/archive.sana.sy\/es\/index.php?rest_route=\/wp\/v2\/posts"}],"about":[{"href":"https:\/\/archive.sana.sy\/es\/index.php?rest_route=\/wp\/v2\/types\/post"}],"author":[{"embeddable":true,"href":"https:\/\/archive.sana.sy\/es\/index.php?rest_route=\/wp\/v2\/users\/35"}],"replies":[{"embeddable":true,"href":"https:\/\/archive.sana.sy\/es\/index.php?rest_route=%2Fwp%2Fv2%2Fcomments&post=333535"}],"version-history":[{"count":8,"href":"https:\/\/archive.sana.sy\/es\/index.php?rest_route=\/wp\/v2\/posts\/333535\/revisions"}],"predecessor-version":[{"id":333582,"href":"https:\/\/archive.sana.sy\/es\/index.php?rest_route=\/wp\/v2\/posts\/333535\/revisions\/333582"}],"wp:featuredmedia":[{"embeddable":true,"href":"https:\/\/archive.sana.sy\/es\/index.php?rest_route=\/wp\/v2\/media\/333536"}],"wp:attachment":[{"href":"https:\/\/archive.sana.sy\/es\/index.php?rest_route=%2Fwp%2Fv2%2Fmedia&parent=333535"}],"wp:term":[{"taxonomy":"category","embeddable":true,"href":"https:\/\/archive.sana.sy\/es\/index.php?rest_route=%2Fwp%2Fv2%2Fcategories&post=333535"},{"taxonomy":"post_tag","embeddable":true,"href":"https:\/\/archive.sana.sy\/es\/index.php?rest_route=%2Fwp%2Fv2%2Ftags&post=333535"}],"curies":[{"name":"wp","href":"https:\/\/api.w.org\/{rel}","templated":true}]}}