{"id":33354,"date":"2015-11-12T11:29:31","date_gmt":"2015-11-12T09:29:31","guid":{"rendered":"http:\/\/www.sana.sy\/es\/?p=33354"},"modified":"2015-11-12T11:29:31","modified_gmt":"2015-11-12T09:29:31","slug":"canciller-checo-subraya-importancia-de-las-conversaciones-de-viena","status":"publish","type":"post","link":"https:\/\/archive.sana.sy\/es\/?p=33354","title":{"rendered":"Canciller checo subraya importancia de las conversaciones de Viena"},"content":{"rendered":"<p><span style=\"color: #800000\">Praga, SANA<\/span><\/p>\n<p>El ministro de Exteriores checo, Lubomir Zaaralak, destac\u00f3 la importancia de las conversaciones de Viena para la b\u00fasqueda de una soluci\u00f3n pol\u00edtica a la crisis en Siria en lugar de una intervenci\u00f3n militar.<\/p>\n<p>En una entrevista para la televisi\u00f3n checa, Zaaralak dijo que la importancia de las conversaciones de Viena surge del hecho de que buscan un consenso entre las diversas potencias regionales e internacionales implicadas en la crisis.<\/p>\n<p>El canciller checo asegur\u00f3 que de acuerdo a los diplom\u00e1ticos que participaron en las recientes conversaciones en Viena, los esfuerzos de Rusia y EE.UU. para resolver la crisis en Siria toman un car\u00e1cter serio.<\/p>\n<p>El jefe de la diplomacia checa advirti\u00f3 de los llamados del r\u00e9gimen turco de enviar fuerzas militares internacionales a Siria, subrayando que el env\u00edo de armas o tropas llevar\u00e1 a un mayor deterioro de la situaci\u00f3n y m\u00e1s sufrimiento del pueblo.<\/p>\n<p>Zaaralak revel\u00f3 que la Uni\u00f3n Europea no piensa enviar tropas terrestres a Siria o Irak, debido a la dif\u00edcil experiencia de los pa\u00edses occidentales en intervenciones en Afganist\u00e1n e Irak.<\/p>\n<p><span style=\"color: #00ccff\">Fady M., Hala B.<\/span><\/p>\n","protected":false},"excerpt":{"rendered":"<p>Praga, SANA El ministro de Exteriores checo, Lubomir Zaaralak, destac\u00f3 la importancia de las conversaciones de Viena para la b\u00fasqueda de una soluci\u00f3n pol\u00edtica a la crisis en Siria en lugar de una intervenci\u00f3n militar. En una entrevista para la televisi\u00f3n checa, Zaaralak dijo que la importancia de las conversaciones de Viena surge del hecho &hellip;<\/p>\n","protected":false},"author":1,"featured_media":33355,"comment_status":"closed","ping_status":"closed","sticky":false,"template":"","format":"standard","meta":{"footnotes":""},"categories":[597,456,457,576],"tags":[7362],"class_list":["post-33354","post","type-post","status-publish","format-standard","has-post-thumbnail","","category-cinta-de-noticias","category-arabe-internacional-politica","category-noticias-arabe-internacional-politica","category-noticias-politicas","tag-canciller-checo-subraya-importancia-de-las-conversaciones-de-viena"],"_links":{"self":[{"href":"https:\/\/archive.sana.sy\/es\/index.php?rest_route=\/wp\/v2\/posts\/33354"}],"collection":[{"href":"https:\/\/archive.sana.sy\/es\/index.php?rest_route=\/wp\/v2\/posts"}],"about":[{"href":"https:\/\/archive.sana.sy\/es\/index.php?rest_route=\/wp\/v2\/types\/post"}],"author":[{"embeddable":true,"href":"https:\/\/archive.sana.sy\/es\/index.php?rest_route=\/wp\/v2\/users\/1"}],"replies":[{"embeddable":true,"href":"https:\/\/archive.sana.sy\/es\/index.php?rest_route=%2Fwp%2Fv2%2Fcomments&post=33354"}],"version-history":[{"count":0,"href":"https:\/\/archive.sana.sy\/es\/index.php?rest_route=\/wp\/v2\/posts\/33354\/revisions"}],"wp:featuredmedia":[{"embeddable":true,"href":"https:\/\/archive.sana.sy\/es\/index.php?rest_route=\/wp\/v2\/media\/33355"}],"wp:attachment":[{"href":"https:\/\/archive.sana.sy\/es\/index.php?rest_route=%2Fwp%2Fv2%2Fmedia&parent=33354"}],"wp:term":[{"taxonomy":"category","embeddable":true,"href":"https:\/\/archive.sana.sy\/es\/index.php?rest_route=%2Fwp%2Fv2%2Fcategories&post=33354"},{"taxonomy":"post_tag","embeddable":true,"href":"https:\/\/archive.sana.sy\/es\/index.php?rest_route=%2Fwp%2Fv2%2Ftags&post=33354"}],"curies":[{"name":"wp","href":"https:\/\/api.w.org\/{rel}","templated":true}]}}