{"id":333564,"date":"2024-07-11T16:54:45","date_gmt":"2024-07-11T13:54:45","guid":{"rendered":"https:\/\/sana.sy\/es\/?p=333564"},"modified":"2024-07-11T16:54:45","modified_gmt":"2024-07-11T13:54:45","slug":"colombia-a-la-final-de-la-copa-america-al-derrotar-a-uruguay","status":"publish","type":"post","link":"https:\/\/archive.sana.sy\/es\/?p=333564","title":{"rendered":"Colombia a la final de la Copa Am\u00e9rica al derrotar a Uruguay"},"content":{"rendered":"<p style=\"text-align: justify;\"><strong><span style=\"color: #800000;\">Washington, 11 jul (SANA)<\/span><\/strong> La Tricolor lleg\u00f3 a la final de la Copa Am\u00e9rica tras una emocionante victoria al vencer 1-0 a la Celeste en la semifinal del campeonato, a pesar de jugar el segundo tiempo con s\u00f3lo diez jugadores.<\/p>\n<p style=\"text-align: justify;\">Jefferson Lerma marc\u00f3 el \u00fanico gol del partido en el minuto 39, mientras que el colombiano Daniel Mu\u00f1oz fue expulsado al final del primer tiempo, sin embargo, Uruguay no supo aprovechar su superioridad num\u00e9rica.<\/p>\n<p style=\"text-align: justify;\">Colombia ampli\u00f3 su racha invicta a 28 partidos y se cita con Argentina en la madrugada del pr\u00f3ximo lunes, mientras que Uruguay se enfrentar\u00e1 a Canad\u00e1 para determinar el tercer clasificado.<\/p>\n<p>as\/fm<\/p>\n","protected":false},"excerpt":{"rendered":"<p>Washington, 11 jul (SANA) La Tricolor lleg\u00f3 a la final de la Copa Am\u00e9rica tras una emocionante victoria al vencer 1-0 a la Celeste en la semifinal del campeonato, a pesar de jugar el segundo tiempo con s\u00f3lo diez jugadores. Jefferson Lerma marc\u00f3 el \u00fanico gol del partido en el minuto 39, mientras que el &hellip;<\/p>\n","protected":false},"author":39,"featured_media":333565,"comment_status":"closed","ping_status":"closed","sticky":false,"template":"","format":"standard","meta":{"footnotes":""},"categories":[597,494,456,16687,20724,7541],"tags":[],"class_list":["post-333564","post","type-post","status-publish","format-standard","has-post-thumbnail","","category-cinta-de-noticias","category-deportes","category-arabe-internacional-politica","category-internacionales","category-minuto-a-minuto","category-ultimas-noticias"],"_links":{"self":[{"href":"https:\/\/archive.sana.sy\/es\/index.php?rest_route=\/wp\/v2\/posts\/333564"}],"collection":[{"href":"https:\/\/archive.sana.sy\/es\/index.php?rest_route=\/wp\/v2\/posts"}],"about":[{"href":"https:\/\/archive.sana.sy\/es\/index.php?rest_route=\/wp\/v2\/types\/post"}],"author":[{"embeddable":true,"href":"https:\/\/archive.sana.sy\/es\/index.php?rest_route=\/wp\/v2\/users\/39"}],"replies":[{"embeddable":true,"href":"https:\/\/archive.sana.sy\/es\/index.php?rest_route=%2Fwp%2Fv2%2Fcomments&post=333564"}],"version-history":[{"count":1,"href":"https:\/\/archive.sana.sy\/es\/index.php?rest_route=\/wp\/v2\/posts\/333564\/revisions"}],"predecessor-version":[{"id":333566,"href":"https:\/\/archive.sana.sy\/es\/index.php?rest_route=\/wp\/v2\/posts\/333564\/revisions\/333566"}],"wp:featuredmedia":[{"embeddable":true,"href":"https:\/\/archive.sana.sy\/es\/index.php?rest_route=\/wp\/v2\/media\/333565"}],"wp:attachment":[{"href":"https:\/\/archive.sana.sy\/es\/index.php?rest_route=%2Fwp%2Fv2%2Fmedia&parent=333564"}],"wp:term":[{"taxonomy":"category","embeddable":true,"href":"https:\/\/archive.sana.sy\/es\/index.php?rest_route=%2Fwp%2Fv2%2Fcategories&post=333564"},{"taxonomy":"post_tag","embeddable":true,"href":"https:\/\/archive.sana.sy\/es\/index.php?rest_route=%2Fwp%2Fv2%2Ftags&post=333564"}],"curies":[{"name":"wp","href":"https:\/\/api.w.org\/{rel}","templated":true}]}}