{"id":333569,"date":"2024-07-11T18:01:06","date_gmt":"2024-07-11T15:01:06","guid":{"rendered":"https:\/\/sana.sy\/es\/?p=333569"},"modified":"2024-07-11T19:22:37","modified_gmt":"2024-07-11T16:22:37","slug":"siria-occidente-convirtio-a-la-opaq-en-escenario-para-ajustar-cuentas-geopoliticas","status":"publish","type":"post","link":"https:\/\/archive.sana.sy\/es\/?p=333569","title":{"rendered":"Siria: Occidente convirti\u00f3 la OPAQ en escenario para ajustar cuentas geopol\u00edticas"},"content":{"rendered":"<p style=\"text-align: justify;\"><span style=\"color: #800000;\"><strong>La Haya, 11 jul (SANA)\u00a0 <\/strong><\/span>El representante permanente de Siria ante la Organizaci\u00f3n para la Prohibici\u00f3n de las Armas Qu\u00edmicas (OPAQ) en La Haya, el embajador Milad Attia, confirm\u00f3 que Estados Unidos y algunos pa\u00edses occidentales han convertido a la organizaci\u00f3n en un escenario para ajustar cuentas geopol\u00edticas agresivas y colonialistas con algunos pa\u00edses que no concuerdan con sus pol\u00edticas.<\/p>\n<p style=\"text-align: justify;\">El embajador sirio, y en su discurso ante la 106\u00aa sesi\u00f3n del Consejo Ejecutivo de la (OPAQ) dijo que los pa\u00edses occidentales contin\u00faan violando los textos y disposiciones de la Convenci\u00f3n sobre las Armas Qu\u00edmicas, ejercen todas las formas de presi\u00f3n sobre la secretar\u00eda t\u00e9cnica de la Organizaci\u00f3n y se niegan a escuchar cualquier opini\u00f3n que contradiga sus orientaciones o no sirva a sus agendas pol\u00edticas.<\/p>\n<p style=\"text-align: justify;\">Asimismo, se\u00f1al\u00f3 que EEUU y algunos pa\u00edses occidentales convirtieron a la referida organizaci\u00f3n en un escenario para ajustar sus cuentas geopol\u00edticas agresivas y colonialistas con algunos pa\u00edses que no se identifican con sus pol\u00edticas.<\/p>\n<p style=\"text-align: justify;\">Explic\u00f3 que la independencia de esta entidad est\u00e1 en juego y ya no est\u00e1 capacitada para lograr su prop\u00f3sito a la luz de esta realidad, adem\u00e1s se ha vuelto dif\u00edcil llevar a cabo las tareas que se le asignan.<\/p>\n<p style=\"text-align: justify;\">Agreg\u00f3 que, como resultado de la injerencia pol\u00edtica de los pa\u00edses occidentales, la (OPAQ) enfrenta actualmente una crisis de credibilidad, desacuerdos, polarizaci\u00f3n y divisiones dentro de la misma.<\/p>\n<p style=\"text-align: justify;\">Adem\u00e1s, el delegado sirio indic\u00f3 que los pa\u00edses occidentales contin\u00faan con su enfoque a trav\u00e9s de adoptar decisiones politizadas dirigidas a Estados miembros en la Convenci\u00f3n recurriendo a la votaci\u00f3n, y el mejor ejemplo de esto fue la resoluci\u00f3n politizada y controvertida que se tom\u00f3 mediante votaci\u00f3n en la 28\u00aa sesi\u00f3n de la Conferencia de Estados Partes contra Siria.<\/p>\n<p style=\"text-align: justify;\">Aclar\u00f3 que esta resoluci\u00f3n no reflejaba la voluntad de los Estados partes de la Convenci\u00f3n sobre Armas Qu\u00edmicas, sino la voluntad de s\u00f3lo 69 Estados de un total de 193, y la dicha resoluci\u00f3n contradice la disposiciones de la convenci\u00f3n y el mandato del organismo, y se bas\u00f3 en invenciones, mentiras, enga\u00f1os, desinformaci\u00f3n y acusaciones falsas e infundadas.<\/p>\n<p style=\"text-align: justify;\">El diplom\u00e1tico sirio destac\u00f3 que el comportamiento de los pa\u00edses occidentales aument\u00f3 la amenaza del terrorismo qu\u00edmico y alent\u00f3 a las organizaciones terroristas a poseer armas qu\u00edmicas y utilizarlas contra los civiles y el ej\u00e9rcito sirio, algo que los pa\u00edses occidentales miembros en la organizaci\u00f3n lo pasaron por alto, adem\u00e1s de adoptar completamente las narrativas de los grupos terroristas y usar algunas de alegaciones como pretexto para perpetrar una agresi\u00f3n militar contra Siria, como la agresi\u00f3n tripartita desencadenada por EEUU, Gran Breta\u00f1a, y Francia, en 2018, y acusar a Siria de usar armas qu\u00edmicas.<\/p>\n<p style=\"text-align: justify;\">sm<\/p>\n","protected":false},"excerpt":{"rendered":"<p>La Haya, 11 jul (SANA)\u00a0 El representante permanente de Siria ante la Organizaci\u00f3n para la Prohibici\u00f3n de las Armas Qu\u00edmicas (OPAQ) en La Haya, el embajador Milad Attia, confirm\u00f3 que Estados Unidos y algunos pa\u00edses occidentales han convertido a la organizaci\u00f3n en un escenario para ajustar cuentas geopol\u00edticas agresivas y colonialistas con algunos pa\u00edses que &hellip;<\/p>\n","protected":false},"author":39,"featured_media":333574,"comment_status":"closed","ping_status":"closed","sticky":false,"template":"","format":"standard","meta":{"footnotes":""},"categories":[597,456,16687,20724,467,583],"tags":[],"class_list":["post-333569","post","type-post","status-publish","format-standard","has-post-thumbnail","","category-cinta-de-noticias","category-arabe-internacional-politica","category-internacionales","category-minuto-a-minuto","category-siria-y-el-mundo","category-slide"],"_links":{"self":[{"href":"https:\/\/archive.sana.sy\/es\/index.php?rest_route=\/wp\/v2\/posts\/333569"}],"collection":[{"href":"https:\/\/archive.sana.sy\/es\/index.php?rest_route=\/wp\/v2\/posts"}],"about":[{"href":"https:\/\/archive.sana.sy\/es\/index.php?rest_route=\/wp\/v2\/types\/post"}],"author":[{"embeddable":true,"href":"https:\/\/archive.sana.sy\/es\/index.php?rest_route=\/wp\/v2\/users\/39"}],"replies":[{"embeddable":true,"href":"https:\/\/archive.sana.sy\/es\/index.php?rest_route=%2Fwp%2Fv2%2Fcomments&post=333569"}],"version-history":[{"count":4,"href":"https:\/\/archive.sana.sy\/es\/index.php?rest_route=\/wp\/v2\/posts\/333569\/revisions"}],"predecessor-version":[{"id":333589,"href":"https:\/\/archive.sana.sy\/es\/index.php?rest_route=\/wp\/v2\/posts\/333569\/revisions\/333589"}],"wp:featuredmedia":[{"embeddable":true,"href":"https:\/\/archive.sana.sy\/es\/index.php?rest_route=\/wp\/v2\/media\/333574"}],"wp:attachment":[{"href":"https:\/\/archive.sana.sy\/es\/index.php?rest_route=%2Fwp%2Fv2%2Fmedia&parent=333569"}],"wp:term":[{"taxonomy":"category","embeddable":true,"href":"https:\/\/archive.sana.sy\/es\/index.php?rest_route=%2Fwp%2Fv2%2Fcategories&post=333569"},{"taxonomy":"post_tag","embeddable":true,"href":"https:\/\/archive.sana.sy\/es\/index.php?rest_route=%2Fwp%2Fv2%2Ftags&post=333569"}],"curies":[{"name":"wp","href":"https:\/\/api.w.org\/{rel}","templated":true}]}}