{"id":333583,"date":"2024-07-11T17:44:56","date_gmt":"2024-07-11T14:44:56","guid":{"rendered":"https:\/\/sana.sy\/es\/?p=333583"},"modified":"2024-07-11T18:47:06","modified_gmt":"2024-07-11T15:47:06","slug":"50-muertos-palestinos-tras-masacres-israelies-en-la-franja-de-gaza-durante-las-ultimas-24-horas","status":"publish","type":"post","link":"https:\/\/archive.sana.sy\/es\/?p=333583","title":{"rendered":"50 muertos palestinos tras masacres israel\u00edes en la Franja de Gaza durante las \u00faltimas 24 horas"},"content":{"rendered":"<p style=\"text-align: justify;\"><span style=\"color: #800000;\"><strong>Jerusal\u00e9n ocupada, 11 Jul (SANA)<\/strong><\/span> El Ministerio de Salud palestino anunci\u00f3 que el ocupante israel\u00ed cometi\u00f3 dos masacres en la Franja de Gaza durante las \u00faltimas 24 horas, dejando muertos a 50 palestinos y heridos a otros 54.<\/p>\n<p style=\"text-align: justify;\">\u201cEl n\u00famero de v\u00edctimas de la continua agresi\u00f3n en la Franja de Gaza durante el d\u00eda 279 aumenta a 38.345 muertos y 88.295 heridos, mientras tanto, varias v\u00edctimas permanecen bajo los escombros y en las carreteras, y los equipos de ambulancias y de defensa civil no pueden llegar hasta ellas.\u00a8, declar\u00f3 hoy la referida entidad.<\/p>\n<p style=\"text-align: justify;\">Asimismo, medios de informaci\u00f3n palestinos difundieron que al menos 34 palestinos fueron asesinado tras un bombardeo a\u00e9reo y de artiller\u00eda del ocupante israel\u00ed a los barrios de las ciudades de Gaza y Rafah.<\/p>\n<p style=\"text-align: justify;\">Por su parte, la Defensa Civil anunci\u00f3 que hab\u00eda m\u00e1s de 30 cad\u00e1veres arrojados en las calles del barrio de Al-Rimal y en las zonas de Al-Sinaah y Al-Katibah en la ciudad de Gaza.<\/p>\n<p style=\"text-align: justify;\">Adem\u00e1s, cuatro palestinos, entre ellos un ni\u00f1o, perdieron la vida a consecuencia de bombardeos del ocupante sionista al barrio de Tal Al-Sultan, al oeste de la ciudad de Rafah.<\/p>\n<p>as\/sm<\/p>\n","protected":false},"excerpt":{"rendered":"<p>Jerusal\u00e9n ocupada, 11 Jul (SANA) El Ministerio de Salud palestino anunci\u00f3 que el ocupante israel\u00ed cometi\u00f3 dos masacres en la Franja de Gaza durante las \u00faltimas 24 horas, dejando muertos a 50 palestinos y heridos a otros 54. \u201cEl n\u00famero de v\u00edctimas de la continua agresi\u00f3n en la Franja de Gaza durante el d\u00eda 279 &hellip;<\/p>\n","protected":false},"author":39,"featured_media":333585,"comment_status":"closed","ping_status":"closed","sticky":false,"template":"","format":"standard","meta":{"footnotes":""},"categories":[597,456,16687,20724,583],"tags":[],"class_list":["post-333583","post","type-post","status-publish","format-standard","has-post-thumbnail","","category-cinta-de-noticias","category-arabe-internacional-politica","category-internacionales","category-minuto-a-minuto","category-slide"],"_links":{"self":[{"href":"https:\/\/archive.sana.sy\/es\/index.php?rest_route=\/wp\/v2\/posts\/333583"}],"collection":[{"href":"https:\/\/archive.sana.sy\/es\/index.php?rest_route=\/wp\/v2\/posts"}],"about":[{"href":"https:\/\/archive.sana.sy\/es\/index.php?rest_route=\/wp\/v2\/types\/post"}],"author":[{"embeddable":true,"href":"https:\/\/archive.sana.sy\/es\/index.php?rest_route=\/wp\/v2\/users\/39"}],"replies":[{"embeddable":true,"href":"https:\/\/archive.sana.sy\/es\/index.php?rest_route=%2Fwp%2Fv2%2Fcomments&post=333583"}],"version-history":[{"count":3,"href":"https:\/\/archive.sana.sy\/es\/index.php?rest_route=\/wp\/v2\/posts\/333583\/revisions"}],"predecessor-version":[{"id":333588,"href":"https:\/\/archive.sana.sy\/es\/index.php?rest_route=\/wp\/v2\/posts\/333583\/revisions\/333588"}],"wp:featuredmedia":[{"embeddable":true,"href":"https:\/\/archive.sana.sy\/es\/index.php?rest_route=\/wp\/v2\/media\/333585"}],"wp:attachment":[{"href":"https:\/\/archive.sana.sy\/es\/index.php?rest_route=%2Fwp%2Fv2%2Fmedia&parent=333583"}],"wp:term":[{"taxonomy":"category","embeddable":true,"href":"https:\/\/archive.sana.sy\/es\/index.php?rest_route=%2Fwp%2Fv2%2Fcategories&post=333583"},{"taxonomy":"post_tag","embeddable":true,"href":"https:\/\/archive.sana.sy\/es\/index.php?rest_route=%2Fwp%2Fv2%2Ftags&post=333583"}],"curies":[{"name":"wp","href":"https:\/\/api.w.org\/{rel}","templated":true}]}}