{"id":333590,"date":"2024-07-11T16:29:46","date_gmt":"2024-07-11T13:29:46","guid":{"rendered":"https:\/\/sana.sy\/es\/?p=333590"},"modified":"2024-07-11T19:36:15","modified_gmt":"2024-07-11T16:36:15","slug":"resistencia-libanesa-elimina-e-hiere-a-varios-soldados-israelies","status":"publish","type":"post","link":"https:\/\/archive.sana.sy\/es\/?p=333590","title":{"rendered":"Resistencia libanesa elimina e hiere a varios soldados israel\u00edes"},"content":{"rendered":"<p style=\"text-align: justify;\"><span style=\"color: #800000;\"><strong>Beirut, 11 jul (SANA)\u00a0 <\/strong><\/span>Un soldado del ocupante israel\u00ed fue neutralizado y otros dos\u00a0 resultaron gravemente heridos como resultado de un ataque de la resistencia libanesa en un sitio en el norte de la Palestina ocupada.<\/p>\n<p style=\"text-align: justify;\">\u201cEn apoyo al firme pueblo palestino en la Franja de Gaza y a su valiente resistencia, nuestros combatientes lanzaron\u00a0 un ataque a\u00e9reo con\u00a0 drones de asalto contra el nuevo cuartel general del comando del batall\u00f3n de artiller\u00eda de la 146 Divisi\u00f3n al sur de Capri, adem\u00e1s de otros sitios militares israel\u00edes, logrando eliminar y herir a varios soldados enemigos\u201d, inform\u00f3 la Resistencia por medio de un comunicado.<\/p>\n<p style=\"text-align: justify;\">Asimismo, los resistentes libaneses bombarde\u00f3 el equipo t\u00e9cnico reci\u00e9n instalado del enemigo en el sitio de Al-Malikiyah.<\/p>\n<p style=\"text-align: justify;\">Mientras, el bombardeo israel\u00ed de artiller\u00eda con f\u00f3sforo se dirigi\u00f3 a las afueras de las ciudades de Mays al-Jabal, Hula, Aitaroun, Naqoura, Wadi al-Saluki, Jabal al-Labouneh, Alma al-Shaab, Tayr Harf, al-Dhahira y Aita al-Shaab.<\/p>\n<p style=\"text-align: justify;\">Adem\u00e1s, los aviones de combate del enemigo lanzaron ataques contra la ciudad de Khiam y la ciudad de Al-Adisa, causando graves da\u00f1os materiales.<\/p>\n<p style=\"text-align: justify;\">ed\/as\/sm<\/p>\n","protected":false},"excerpt":{"rendered":"<p>Beirut, 11 jul (SANA)\u00a0 Un soldado del ocupante israel\u00ed fue neutralizado y otros dos\u00a0 resultaron gravemente heridos como resultado de un ataque de la resistencia libanesa en un sitio en el norte de la Palestina ocupada. \u201cEn apoyo al firme pueblo palestino en la Franja de Gaza y a su valiente resistencia, nuestros combatientes lanzaron\u00a0 &hellip;<\/p>\n","protected":false},"author":39,"featured_media":333591,"comment_status":"closed","ping_status":"closed","sticky":false,"template":"","format":"standard","meta":{"footnotes":""},"categories":[597,456,16687,20724,7541],"tags":[],"class_list":["post-333590","post","type-post","status-publish","format-standard","has-post-thumbnail","","category-cinta-de-noticias","category-arabe-internacional-politica","category-internacionales","category-minuto-a-minuto","category-ultimas-noticias"],"_links":{"self":[{"href":"https:\/\/archive.sana.sy\/es\/index.php?rest_route=\/wp\/v2\/posts\/333590"}],"collection":[{"href":"https:\/\/archive.sana.sy\/es\/index.php?rest_route=\/wp\/v2\/posts"}],"about":[{"href":"https:\/\/archive.sana.sy\/es\/index.php?rest_route=\/wp\/v2\/types\/post"}],"author":[{"embeddable":true,"href":"https:\/\/archive.sana.sy\/es\/index.php?rest_route=\/wp\/v2\/users\/39"}],"replies":[{"embeddable":true,"href":"https:\/\/archive.sana.sy\/es\/index.php?rest_route=%2Fwp%2Fv2%2Fcomments&post=333590"}],"version-history":[{"count":2,"href":"https:\/\/archive.sana.sy\/es\/index.php?rest_route=\/wp\/v2\/posts\/333590\/revisions"}],"predecessor-version":[{"id":333593,"href":"https:\/\/archive.sana.sy\/es\/index.php?rest_route=\/wp\/v2\/posts\/333590\/revisions\/333593"}],"wp:featuredmedia":[{"embeddable":true,"href":"https:\/\/archive.sana.sy\/es\/index.php?rest_route=\/wp\/v2\/media\/333591"}],"wp:attachment":[{"href":"https:\/\/archive.sana.sy\/es\/index.php?rest_route=%2Fwp%2Fv2%2Fmedia&parent=333590"}],"wp:term":[{"taxonomy":"category","embeddable":true,"href":"https:\/\/archive.sana.sy\/es\/index.php?rest_route=%2Fwp%2Fv2%2Fcategories&post=333590"},{"taxonomy":"post_tag","embeddable":true,"href":"https:\/\/archive.sana.sy\/es\/index.php?rest_route=%2Fwp%2Fv2%2Ftags&post=333590"}],"curies":[{"name":"wp","href":"https:\/\/api.w.org\/{rel}","templated":true}]}}