{"id":333641,"date":"2024-07-12T17:36:55","date_gmt":"2024-07-12T14:36:55","guid":{"rendered":"https:\/\/sana.sy\/es\/?p=333641"},"modified":"2024-07-12T17:36:55","modified_gmt":"2024-07-12T14:36:55","slug":"migracion-inversa-se-multiplica-la-cifra-israelies-que-abandonan-los-territorios-palestinos-ocupados","status":"publish","type":"post","link":"https:\/\/archive.sana.sy\/es\/?p=333641","title":{"rendered":"Migraci\u00f3n inversa: Se multiplica la cifra israel\u00edes que abandonan los territorios palestinos ocupados"},"content":{"rendered":"<p style=\"text-align: justify;\"><strong><span style=\"color: #993300;\">Jerusal\u00e9n ocupada, 12 jul (SANA) <\/span><\/strong>Medios israel\u00edes citado por el sitio web de Al-Manar informaron que un gran n\u00famero de israel\u00edes abandonaron los territorios palestinos ocupados, lo que revela un aumento significativo de la migraci\u00f3n inversa jud\u00eda.<\/p>\n<p style=\"text-align: justify;\">El Canal 13 de Israel se refiri\u00f3 a nuevos datos, que calific\u00f3 de muy crudos, que mostraban un aumento significativo en el n\u00famero de israel\u00edes que se marchaban.<\/p>\n<p style=\"text-align: justify;\">Lee Yaron, director del peri\u00f3dico israel\u00ed Haaretz y autor del libro \u201c7 de octubre\u201d, afirm\u00f3 que \u201clos datos muestran que 5.000 israel\u00edes han abandonado su residencia en \u201cIsrael\u201d desde octubre, explicando que \u201cestas cifras aumentaron un 150% en comparaci\u00f3n con el a\u00f1o anterior entre los meses de octubre y julio\u201d.<\/p>\n<p style=\"text-align: justify;\">En este contexto, el Canal 12 de \u201cIsrael\u201d inform\u00f3 que \u201clas discusiones sobre inmigraci\u00f3n entre israel\u00edes en las redes sociales han aumentado recientemente en m\u00e1s de un 100 por ciento\u201d.<\/p>\n<p style=\"text-align: justify;\">El canal afirm\u00f3 que \u201cdesde el inicio de la guerra, se han registrado a trav\u00e9s de la red m\u00e1s de 100.000 usos del t\u00e9rmino \u201creubicaci\u00f3n\u201d para inmigrar desde \u201cIsrael\u201d.<\/p>\n<p>fm<\/p>\n","protected":false},"excerpt":{"rendered":"<p>Jerusal\u00e9n ocupada, 12 jul (SANA) Medios israel\u00edes citado por el sitio web de Al-Manar informaron que un gran n\u00famero de israel\u00edes abandonaron los territorios palestinos ocupados, lo que revela un aumento significativo de la migraci\u00f3n inversa jud\u00eda. El Canal 13 de Israel se refiri\u00f3 a nuevos datos, que calific\u00f3 de muy crudos, que mostraban un &hellip;<\/p>\n","protected":false},"author":34,"featured_media":333642,"comment_status":"closed","ping_status":"closed","sticky":false,"template":"","format":"standard","meta":{"footnotes":""},"categories":[597,456,20724,583],"tags":[],"class_list":["post-333641","post","type-post","status-publish","format-standard","has-post-thumbnail","","category-cinta-de-noticias","category-arabe-internacional-politica","category-minuto-a-minuto","category-slide"],"_links":{"self":[{"href":"https:\/\/archive.sana.sy\/es\/index.php?rest_route=\/wp\/v2\/posts\/333641"}],"collection":[{"href":"https:\/\/archive.sana.sy\/es\/index.php?rest_route=\/wp\/v2\/posts"}],"about":[{"href":"https:\/\/archive.sana.sy\/es\/index.php?rest_route=\/wp\/v2\/types\/post"}],"author":[{"embeddable":true,"href":"https:\/\/archive.sana.sy\/es\/index.php?rest_route=\/wp\/v2\/users\/34"}],"replies":[{"embeddable":true,"href":"https:\/\/archive.sana.sy\/es\/index.php?rest_route=%2Fwp%2Fv2%2Fcomments&post=333641"}],"version-history":[{"count":1,"href":"https:\/\/archive.sana.sy\/es\/index.php?rest_route=\/wp\/v2\/posts\/333641\/revisions"}],"predecessor-version":[{"id":333643,"href":"https:\/\/archive.sana.sy\/es\/index.php?rest_route=\/wp\/v2\/posts\/333641\/revisions\/333643"}],"wp:featuredmedia":[{"embeddable":true,"href":"https:\/\/archive.sana.sy\/es\/index.php?rest_route=\/wp\/v2\/media\/333642"}],"wp:attachment":[{"href":"https:\/\/archive.sana.sy\/es\/index.php?rest_route=%2Fwp%2Fv2%2Fmedia&parent=333641"}],"wp:term":[{"taxonomy":"category","embeddable":true,"href":"https:\/\/archive.sana.sy\/es\/index.php?rest_route=%2Fwp%2Fv2%2Fcategories&post=333641"},{"taxonomy":"post_tag","embeddable":true,"href":"https:\/\/archive.sana.sy\/es\/index.php?rest_route=%2Fwp%2Fv2%2Ftags&post=333641"}],"curies":[{"name":"wp","href":"https:\/\/api.w.org\/{rel}","templated":true}]}}