{"id":333651,"date":"2024-07-12T19:14:28","date_gmt":"2024-07-12T16:14:28","guid":{"rendered":"https:\/\/sana.sy\/es\/?p=333651"},"modified":"2024-07-12T19:18:26","modified_gmt":"2024-07-12T16:18:26","slug":"gaza-enfrenta-el-riesgo-de-perder-una-generacion-entera-de-ninos-debido-a-la-agresion-israeli-advierte-la-unrwa","status":"publish","type":"post","link":"https:\/\/archive.sana.sy\/es\/?p=333651","title":{"rendered":"Gaza enfrenta el riesgo de perder a una generaci\u00f3n entera de ni\u00f1os debido a la agresi\u00f3n israel\u00ed, advierte la UNRWA"},"content":{"rendered":"<p style=\"text-align: justify;\"><span style=\"color: #800000;\"><strong>Ginebra, 12 jul (SANA)\u00a0 <\/strong><\/span>La Agencia de Obras P\u00fablicas y Socorro de las Naciones Unidas para los Refugiados de Palestina (UNRWA) advirti\u00f3 que la Franja de Gaza enfrenta el riesgo de perder una generaci\u00f3n entera de ni\u00f1os como consecuencia de la agresi\u00f3n israel\u00ed en curso desde el pasado 7 de octubre.<\/p>\n<p style=\"text-align: justify;\">\u201cLa Franja de Gaza est\u00e1 a punto de perder una generaci\u00f3n entera de ni\u00f1os si esta guerra contin\u00faa\u201d, inform\u00f3 la agencia de noticias Wafa citando a la directora de Medios y Comunicaciones de la UNRWA, Juliet Touma.<\/p>\n<p style=\"text-align: justify;\">Explic\u00f3 que m\u00e1s de 600.000 ni\u00f1os en Gaza no pueden ir a las escuelas desde que comenz\u00f3 la guerra.<\/p>\n<p style=\"text-align: justify;\">La funcionaria de la ONU pidi\u00f3 un alto el fuego inmediato en la Franja de Gaza por el bien de estos ni\u00f1os.<\/p>\n<p style=\"text-align: justify;\">sm<\/p>\n","protected":false},"excerpt":{"rendered":"<p>Ginebra, 12 jul (SANA)\u00a0 La Agencia de Obras P\u00fablicas y Socorro de las Naciones Unidas para los Refugiados de Palestina (UNRWA) advirti\u00f3 que la Franja de Gaza enfrenta el riesgo de perder una generaci\u00f3n entera de ni\u00f1os como consecuencia de la agresi\u00f3n israel\u00ed en curso desde el pasado 7 de octubre. \u201cLa Franja de Gaza &hellip;<\/p>\n","protected":false},"author":39,"featured_media":333652,"comment_status":"closed","ping_status":"closed","sticky":false,"template":"","format":"standard","meta":{"footnotes":""},"categories":[597,456,16687,20724,7541],"tags":[],"class_list":["post-333651","post","type-post","status-publish","format-standard","has-post-thumbnail","","category-cinta-de-noticias","category-arabe-internacional-politica","category-internacionales","category-minuto-a-minuto","category-ultimas-noticias"],"_links":{"self":[{"href":"https:\/\/archive.sana.sy\/es\/index.php?rest_route=\/wp\/v2\/posts\/333651"}],"collection":[{"href":"https:\/\/archive.sana.sy\/es\/index.php?rest_route=\/wp\/v2\/posts"}],"about":[{"href":"https:\/\/archive.sana.sy\/es\/index.php?rest_route=\/wp\/v2\/types\/post"}],"author":[{"embeddable":true,"href":"https:\/\/archive.sana.sy\/es\/index.php?rest_route=\/wp\/v2\/users\/39"}],"replies":[{"embeddable":true,"href":"https:\/\/archive.sana.sy\/es\/index.php?rest_route=%2Fwp%2Fv2%2Fcomments&post=333651"}],"version-history":[{"count":4,"href":"https:\/\/archive.sana.sy\/es\/index.php?rest_route=\/wp\/v2\/posts\/333651\/revisions"}],"predecessor-version":[{"id":333656,"href":"https:\/\/archive.sana.sy\/es\/index.php?rest_route=\/wp\/v2\/posts\/333651\/revisions\/333656"}],"wp:featuredmedia":[{"embeddable":true,"href":"https:\/\/archive.sana.sy\/es\/index.php?rest_route=\/wp\/v2\/media\/333652"}],"wp:attachment":[{"href":"https:\/\/archive.sana.sy\/es\/index.php?rest_route=%2Fwp%2Fv2%2Fmedia&parent=333651"}],"wp:term":[{"taxonomy":"category","embeddable":true,"href":"https:\/\/archive.sana.sy\/es\/index.php?rest_route=%2Fwp%2Fv2%2Fcategories&post=333651"},{"taxonomy":"post_tag","embeddable":true,"href":"https:\/\/archive.sana.sy\/es\/index.php?rest_route=%2Fwp%2Fv2%2Ftags&post=333651"}],"curies":[{"name":"wp","href":"https:\/\/api.w.org\/{rel}","templated":true}]}}